{"id":104937,"date":"2024-05-16T17:24:18","date_gmt":"2024-05-16T15:24:18","guid":{"rendered":"https:\/\/president-ksgov.net\/?p=104937"},"modified":"2024-05-16T19:39:05","modified_gmt":"2024-05-16T17:39:05","slug":"president-osmani-on-the-25th-anniversary-of-the-disappearance-of-the-patriot-ukshin-hoti-an-intellectual-and-activist-for-whom-the-commitment-to-the-republic-was-a-lifelong-cause","status":"publish","type":"post","link":"https:\/\/president-ksgov.net\/en\/president-osmani-on-the-25th-anniversary-of-the-disappearance-of-the-patriot-ukshin-hoti-an-intellectual-and-activist-for-whom-the-commitment-to-the-republic-was-a-lifelong-cause\/","title":{"rendered":"President Osmani on the 25th anniversary of the disappearance of the patriot Ukshin Hoti: An intellectual and activist for whom  the commitment to the Republic was a lifelong cause"},"content":{"rendered":"<p>For 25 years, the name of the intellectual and patriot Ukshin Hoti remains on the list of individuals forcibly disappeared by the genocidal regime of Serbia.<\/p>\n<p>On May 16 1999, he was released from the Dubrava prison, but from that day on, his fate, as well as the fate of over 1,600 forcibly disappeared remains hostage to the ongoing policies of Serbia, which sleeps on mass graves.<\/p>\n<p>&#8220;Where is Ukshin Hoti?!&#8221;, still sounds like a call to clarify the fate of the intellectual and activist for whom the commitment to the Republic was a lifelong cause. Kosovo is already a Republic, and it is an obligation for us to bring the fate of Ukshin Hoti to light and for justice.<\/p>\n<p>We are committed to clarify his fate and bringing justice so that history does not repeat itself.<\/p>\n","protected":false},"excerpt":{"rendered":"<p>For 25 years, the name of the intellectual and patriot Ukshin Hoti remains on the list of individuals forcibly disappeared by the genocidal regime of Serbia. On May 16 1999, he was released from the Dubrava prison, but from that day on, his fate, as well as the fate of over 1,600 forcibly disappeared remains hostage to the ongoing policies of Serbia, which sleeps on mass graves. &#8220;Where is Ukshin Hoti?!&#8221;, still sounds like a call to clarify the fate of the intellectual and activist for whom the commitment to the Republic was a lifelong cause. Kosovo is already a Republic, and it is an obligation for us to bring the fate of Ukshin Hoti to light and for justice. We are committed to clarify his fate and bringing justice so that history does not repeat itself.<\/p>\n","protected":false},"author":13,"featured_media":104919,"comment_status":"open","ping_status":"closed","sticky":false,"template":"","format":"standard","meta":{"_eb_attr":"","footnotes":""},"categories":[111],"tags":[],"class_list":["post-104937","post","type-post","status-publish","format-standard","has-post-thumbnail","hentry","category-news"],"yoast_head":"<!-- This site is optimized with the Yoast SEO plugin v23.5 - https:\/\/yoast.com\/wordpress\/plugins\/seo\/ -->\n<title>President Osmani on the 25th anniversary of the disappearance of the patriot Ukshin Hoti: An intellectual and activist for whom the commitment to the Republic was a lifelong cause - President of the Republic of Kosovo - DR. VJOSA OSMANI - SADRIU<\/title>\n<meta name=\"description\" content=\"President Osmani on the 25th anniversary of the disappearance of the patriot Ukshin Hoti: An intellectual and activist for whom the commitment to the Republic was a lifelong cause - President of the Republic of Kosovo - DR. VJOSA OSMANI - SADRIU -\" \/>\n<meta name=\"robots\" content=\"index, follow, max-snippet:-1, max-image-preview:large, max-video-preview:-1\" \/>\n<link rel=\"canonical\" href=\"https:\/\/president-ksgov.net\/en\/president-osmani-on-the-25th-anniversary-of-the-disappearance-of-the-patriot-ukshin-hoti-an-intellectual-and-activist-for-whom-the-commitment-to-the-republic-was-a-lifelong-cause\/\" \/>\n<meta property=\"og:locale\" content=\"en_US\" \/>\n<meta property=\"og:type\" content=\"article\" \/>\n<meta property=\"og:title\" content=\"President Osmani on the 25th anniversary of the disappearance of the patriot Ukshin Hoti: An intellectual and activist for whom the commitment to the Republic was a lifelong cause - President of the Republic of Kosovo - DR. VJOSA OSMANI - SADRIU\" \/>\n<meta property=\"og:description\" content=\"President Osmani on the 25th anniversary of the disappearance of the patriot Ukshin Hoti: An intellectual and activist for whom the commitment to the Republic was a lifelong cause - President of the Republic of Kosovo - DR. VJOSA OSMANI - SADRIU -\" \/>\n<meta property=\"og:url\" content=\"https:\/\/president-ksgov.net\/en\/president-osmani-on-the-25th-anniversary-of-the-disappearance-of-the-patriot-ukshin-hoti-an-intellectual-and-activist-for-whom-the-commitment-to-the-republic-was-a-lifelong-cause\/\" \/>\n<meta property=\"og:site_name\" content=\"President of the Republic of Kosovo - DR. VJOSA OSMANI - SADRIU\" \/>\n<meta property=\"article:published_time\" content=\"2024-05-16T15:24:18+00:00\" \/>\n<meta property=\"article:modified_time\" content=\"2024-05-16T17:39:05+00:00\" \/>\n<meta property=\"og:image\" content=\"https:\/\/president-ksgov.net\/wp-content\/uploads\/Ukshin-Hoti.jpg\" \/>\n\t<meta property=\"og:image:width\" content=\"250\" \/>\n\t<meta property=\"og:image:height\" content=\"307\" \/>\n\t<meta property=\"og:image:type\" content=\"image\/jpeg\" \/>\n<meta name=\"author\" content=\"Edona Krasniqi\" \/>\n<meta name=\"twitter:card\" content=\"summary_large_image\" \/>\n<meta name=\"twitter:label1\" content=\"Written by\" \/>\n\t<meta name=\"twitter:data1\" content=\"Edona Krasniqi\" \/>\n\t<meta name=\"twitter:label2\" content=\"Est. reading time\" \/>\n\t<meta name=\"twitter:data2\" content=\"1 minute\" \/>\n<script type=\"application\/ld+json\" class=\"yoast-schema-graph\">{\"@context\":\"https:\/\/schema.org\",\"@graph\":[{\"@type\":\"WebPage\",\"@id\":\"https:\/\/president-ksgov.net\/en\/president-osmani-on-the-25th-anniversary-of-the-disappearance-of-the-patriot-ukshin-hoti-an-intellectual-and-activist-for-whom-the-commitment-to-the-republic-was-a-lifelong-cause\/\",\"url\":\"https:\/\/president-ksgov.net\/en\/president-osmani-on-the-25th-anniversary-of-the-disappearance-of-the-patriot-ukshin-hoti-an-intellectual-and-activist-for-whom-the-commitment-to-the-republic-was-a-lifelong-cause\/\",\"name\":\"President Osmani on the 25th anniversary of the disappearance of the patriot Ukshin Hoti: An intellectual and activist for whom the commitment to the Republic was a lifelong cause - President of the Republic of Kosovo - DR. VJOSA OSMANI - SADRIU\",\"isPartOf\":{\"@id\":\"https:\/\/president-ksgov.net\/#website\"},\"primaryImageOfPage\":{\"@id\":\"https:\/\/president-ksgov.net\/en\/president-osmani-on-the-25th-anniversary-of-the-disappearance-of-the-patriot-ukshin-hoti-an-intellectual-and-activist-for-whom-the-commitment-to-the-republic-was-a-lifelong-cause\/#primaryimage\"},\"image\":{\"@id\":\"https:\/\/president-ksgov.net\/en\/president-osmani-on-the-25th-anniversary-of-the-disappearance-of-the-patriot-ukshin-hoti-an-intellectual-and-activist-for-whom-the-commitment-to-the-republic-was-a-lifelong-cause\/#primaryimage\"},\"thumbnailUrl\":\"https:\/\/president-ksgov.net\/wp-content\/uploads\/Ukshin-Hoti.jpg\",\"datePublished\":\"2024-05-16T15:24:18+00:00\",\"dateModified\":\"2024-05-16T17:39:05+00:00\",\"author\":{\"@id\":\"https:\/\/president-ksgov.net\/#\/schema\/person\/b9740e15fff71a6f8f26a0e201572567\"},\"description\":\"President Osmani on the 25th anniversary of the disappearance of the patriot Ukshin Hoti: An intellectual and activist for whom the commitment to the Republic was a lifelong cause - President of the Republic of Kosovo - DR. VJOSA OSMANI - SADRIU -\",\"breadcrumb\":{\"@id\":\"https:\/\/president-ksgov.net\/en\/president-osmani-on-the-25th-anniversary-of-the-disappearance-of-the-patriot-ukshin-hoti-an-intellectual-and-activist-for-whom-the-commitment-to-the-republic-was-a-lifelong-cause\/#breadcrumb\"},\"inLanguage\":\"en-US\",\"potentialAction\":[{\"@type\":\"ReadAction\",\"target\":[\"https:\/\/president-ksgov.net\/en\/president-osmani-on-the-25th-anniversary-of-the-disappearance-of-the-patriot-ukshin-hoti-an-intellectual-and-activist-for-whom-the-commitment-to-the-republic-was-a-lifelong-cause\/\"]}]},{\"@type\":\"ImageObject\",\"inLanguage\":\"en-US\",\"@id\":\"https:\/\/president-ksgov.net\/en\/president-osmani-on-the-25th-anniversary-of-the-disappearance-of-the-patriot-ukshin-hoti-an-intellectual-and-activist-for-whom-the-commitment-to-the-republic-was-a-lifelong-cause\/#primaryimage\",\"url\":\"https:\/\/president-ksgov.net\/wp-content\/uploads\/Ukshin-Hoti.jpg\",\"contentUrl\":\"https:\/\/president-ksgov.net\/wp-content\/uploads\/Ukshin-Hoti.jpg\",\"width\":250,\"height\":307},{\"@type\":\"BreadcrumbList\",\"@id\":\"https:\/\/president-ksgov.net\/en\/president-osmani-on-the-25th-anniversary-of-the-disappearance-of-the-patriot-ukshin-hoti-an-intellectual-and-activist-for-whom-the-commitment-to-the-republic-was-a-lifelong-cause\/#breadcrumb\",\"itemListElement\":[{\"@type\":\"ListItem\",\"position\":1,\"name\":\"Home\",\"item\":\"https:\/\/president-ksgov.net\/en\/\"},{\"@type\":\"ListItem\",\"position\":2,\"name\":\"President Osmani on the 25th anniversary of the disappearance of the patriot Ukshin Hoti: An intellectual and activist for whom the commitment to the Republic was a lifelong cause\"}]},{\"@type\":\"WebSite\",\"@id\":\"https:\/\/president-ksgov.net\/#website\",\"url\":\"https:\/\/president-ksgov.net\/\",\"name\":\"Presidente e Republik\u00ebs s\u00eb Kosov\u00ebs\",\"description\":\"Presidente e Republik\u00ebs s\u00eb Kosov\u00ebs\",\"alternateName\":\"DR. VJOSA OSMANI - SADRIU\",\"potentialAction\":[{\"@type\":\"SearchAction\",\"target\":{\"@type\":\"EntryPoint\",\"urlTemplate\":\"https:\/\/president-ksgov.net\/?s={search_term_string}\"},\"query-input\":{\"@type\":\"PropertyValueSpecification\",\"valueRequired\":true,\"valueName\":\"search_term_string\"}}],\"inLanguage\":\"en-US\"},{\"@type\":\"Person\",\"@id\":\"https:\/\/president-ksgov.net\/#\/schema\/person\/b9740e15fff71a6f8f26a0e201572567\",\"name\":\"Edona Krasniqi\",\"image\":{\"@type\":\"ImageObject\",\"inLanguage\":\"en-US\",\"@id\":\"https:\/\/president-ksgov.net\/#\/schema\/person\/image\/\",\"url\":\"https:\/\/secure.gravatar.com\/avatar\/1f0f749e4b80632decf95bd32db3f33277967a04dc5e29d46781d9c89b703cce?s=96&d=mm&r=g\",\"contentUrl\":\"https:\/\/secure.gravatar.com\/avatar\/1f0f749e4b80632decf95bd32db3f33277967a04dc5e29d46781d9c89b703cce?s=96&d=mm&r=g\",\"caption\":\"Edona Krasniqi\"},\"sameAs\":[\"https:\/\/president-ksgov.net\/\"]}]}<\/script>\n<!-- \/ Yoast SEO plugin. -->","yoast_head_json":{"title":"President Osmani on the 25th anniversary of the disappearance of the patriot Ukshin Hoti: An intellectual and activist for whom the commitment to the Republic was a lifelong cause - President of the Republic of Kosovo - DR. VJOSA OSMANI - SADRIU","description":"President Osmani on the 25th anniversary of the disappearance of the patriot Ukshin Hoti: An intellectual and activist for whom the commitment to the Republic was a lifelong cause - President of the Republic of Kosovo - DR. VJOSA OSMANI - SADRIU -","robots":{"index":"index","follow":"follow","max-snippet":"max-snippet:-1","max-image-preview":"max-image-preview:large","max-video-preview":"max-video-preview:-1"},"canonical":"https:\/\/president-ksgov.net\/en\/president-osmani-on-the-25th-anniversary-of-the-disappearance-of-the-patriot-ukshin-hoti-an-intellectual-and-activist-for-whom-the-commitment-to-the-republic-was-a-lifelong-cause\/","og_locale":"en_US","og_type":"article","og_title":"President Osmani on the 25th anniversary of the disappearance of the patriot Ukshin Hoti: An intellectual and activist for whom the commitment to the Republic was a lifelong cause - President of the Republic of Kosovo - DR. VJOSA OSMANI - SADRIU","og_description":"President Osmani on the 25th anniversary of the disappearance of the patriot Ukshin Hoti: An intellectual and activist for whom the commitment to the Republic was a lifelong cause - President of the Republic of Kosovo - DR. VJOSA OSMANI - SADRIU -","og_url":"https:\/\/president-ksgov.net\/en\/president-osmani-on-the-25th-anniversary-of-the-disappearance-of-the-patriot-ukshin-hoti-an-intellectual-and-activist-for-whom-the-commitment-to-the-republic-was-a-lifelong-cause\/","og_site_name":"President of the Republic of Kosovo - DR. VJOSA OSMANI - SADRIU","article_published_time":"2024-05-16T15:24:18+00:00","article_modified_time":"2024-05-16T17:39:05+00:00","og_image":[{"width":250,"height":307,"url":"https:\/\/president-ksgov.net\/wp-content\/uploads\/Ukshin-Hoti.jpg","type":"image\/jpeg"}],"author":"Edona Krasniqi","twitter_card":"summary_large_image","twitter_misc":{"Written by":"Edona Krasniqi","Est. reading time":"1 minute"},"schema":{"@context":"https:\/\/schema.org","@graph":[{"@type":"WebPage","@id":"https:\/\/president-ksgov.net\/en\/president-osmani-on-the-25th-anniversary-of-the-disappearance-of-the-patriot-ukshin-hoti-an-intellectual-and-activist-for-whom-the-commitment-to-the-republic-was-a-lifelong-cause\/","url":"https:\/\/president-ksgov.net\/en\/president-osmani-on-the-25th-anniversary-of-the-disappearance-of-the-patriot-ukshin-hoti-an-intellectual-and-activist-for-whom-the-commitment-to-the-republic-was-a-lifelong-cause\/","name":"President Osmani on the 25th anniversary of the disappearance of the patriot Ukshin Hoti: An intellectual and activist for whom the commitment to the Republic was a lifelong cause - President of the Republic of Kosovo - DR. VJOSA OSMANI - SADRIU","isPartOf":{"@id":"https:\/\/president-ksgov.net\/#website"},"primaryImageOfPage":{"@id":"https:\/\/president-ksgov.net\/en\/president-osmani-on-the-25th-anniversary-of-the-disappearance-of-the-patriot-ukshin-hoti-an-intellectual-and-activist-for-whom-the-commitment-to-the-republic-was-a-lifelong-cause\/#primaryimage"},"image":{"@id":"https:\/\/president-ksgov.net\/en\/president-osmani-on-the-25th-anniversary-of-the-disappearance-of-the-patriot-ukshin-hoti-an-intellectual-and-activist-for-whom-the-commitment-to-the-republic-was-a-lifelong-cause\/#primaryimage"},"thumbnailUrl":"https:\/\/president-ksgov.net\/wp-content\/uploads\/Ukshin-Hoti.jpg","datePublished":"2024-05-16T15:24:18+00:00","dateModified":"2024-05-16T17:39:05+00:00","author":{"@id":"https:\/\/president-ksgov.net\/#\/schema\/person\/b9740e15fff71a6f8f26a0e201572567"},"description":"President Osmani on the 25th anniversary of the disappearance of the patriot Ukshin Hoti: An intellectual and activist for whom the commitment to the Republic was a lifelong cause - President of the Republic of Kosovo - DR. VJOSA OSMANI - SADRIU -","breadcrumb":{"@id":"https:\/\/president-ksgov.net\/en\/president-osmani-on-the-25th-anniversary-of-the-disappearance-of-the-patriot-ukshin-hoti-an-intellectual-and-activist-for-whom-the-commitment-to-the-republic-was-a-lifelong-cause\/#breadcrumb"},"inLanguage":"en-US","potentialAction":[{"@type":"ReadAction","target":["https:\/\/president-ksgov.net\/en\/president-osmani-on-the-25th-anniversary-of-the-disappearance-of-the-patriot-ukshin-hoti-an-intellectual-and-activist-for-whom-the-commitment-to-the-republic-was-a-lifelong-cause\/"]}]},{"@type":"ImageObject","inLanguage":"en-US","@id":"https:\/\/president-ksgov.net\/en\/president-osmani-on-the-25th-anniversary-of-the-disappearance-of-the-patriot-ukshin-hoti-an-intellectual-and-activist-for-whom-the-commitment-to-the-republic-was-a-lifelong-cause\/#primaryimage","url":"https:\/\/president-ksgov.net\/wp-content\/uploads\/Ukshin-Hoti.jpg","contentUrl":"https:\/\/president-ksgov.net\/wp-content\/uploads\/Ukshin-Hoti.jpg","width":250,"height":307},{"@type":"BreadcrumbList","@id":"https:\/\/president-ksgov.net\/en\/president-osmani-on-the-25th-anniversary-of-the-disappearance-of-the-patriot-ukshin-hoti-an-intellectual-and-activist-for-whom-the-commitment-to-the-republic-was-a-lifelong-cause\/#breadcrumb","itemListElement":[{"@type":"ListItem","position":1,"name":"Home","item":"https:\/\/president-ksgov.net\/en\/"},{"@type":"ListItem","position":2,"name":"President Osmani on the 25th anniversary of the disappearance of the patriot Ukshin Hoti: An intellectual and activist for whom the commitment to the Republic was a lifelong cause"}]},{"@type":"WebSite","@id":"https:\/\/president-ksgov.net\/#website","url":"https:\/\/president-ksgov.net\/","name":"Presidente e Republik\u00ebs s\u00eb Kosov\u00ebs","description":"Presidente e Republik\u00ebs s\u00eb Kosov\u00ebs","alternateName":"DR. VJOSA OSMANI - SADRIU","potentialAction":[{"@type":"SearchAction","target":{"@type":"EntryPoint","urlTemplate":"https:\/\/president-ksgov.net\/?s={search_term_string}"},"query-input":{"@type":"PropertyValueSpecification","valueRequired":true,"valueName":"search_term_string"}}],"inLanguage":"en-US"},{"@type":"Person","@id":"https:\/\/president-ksgov.net\/#\/schema\/person\/b9740e15fff71a6f8f26a0e201572567","name":"Edona Krasniqi","image":{"@type":"ImageObject","inLanguage":"en-US","@id":"https:\/\/president-ksgov.net\/#\/schema\/person\/image\/","url":"https:\/\/secure.gravatar.com\/avatar\/1f0f749e4b80632decf95bd32db3f33277967a04dc5e29d46781d9c89b703cce?s=96&d=mm&r=g","contentUrl":"https:\/\/secure.gravatar.com\/avatar\/1f0f749e4b80632decf95bd32db3f33277967a04dc5e29d46781d9c89b703cce?s=96&d=mm&r=g","caption":"Edona Krasniqi"},"sameAs":["https:\/\/president-ksgov.net\/"]}]}},"_links":{"self":[{"href":"https:\/\/president-ksgov.net\/en\/wp-json\/wp\/v2\/posts\/104937","targetHints":{"allow":["GET"]}}],"collection":[{"href":"https:\/\/president-ksgov.net\/en\/wp-json\/wp\/v2\/posts"}],"about":[{"href":"https:\/\/president-ksgov.net\/en\/wp-json\/wp\/v2\/types\/post"}],"author":[{"embeddable":true,"href":"https:\/\/president-ksgov.net\/en\/wp-json\/wp\/v2\/users\/13"}],"replies":[{"embeddable":true,"href":"https:\/\/president-ksgov.net\/en\/wp-json\/wp\/v2\/comments?post=104937"}],"version-history":[{"count":1,"href":"https:\/\/president-ksgov.net\/en\/wp-json\/wp\/v2\/posts\/104937\/revisions"}],"predecessor-version":[{"id":104938,"href":"https:\/\/president-ksgov.net\/en\/wp-json\/wp\/v2\/posts\/104937\/revisions\/104938"}],"wp:featuredmedia":[{"embeddable":true,"href":"https:\/\/president-ksgov.net\/en\/wp-json\/wp\/v2\/media\/104919"}],"wp:attachment":[{"href":"https:\/\/president-ksgov.net\/en\/wp-json\/wp\/v2\/media?parent=104937"}],"wp:term":[{"taxonomy":"category","embeddable":true,"href":"https:\/\/president-ksgov.net\/en\/wp-json\/wp\/v2\/categories?post=104937"},{"taxonomy":"post_tag","embeddable":true,"href":"https:\/\/president-ksgov.net\/en\/wp-json\/wp\/v2\/tags?post=104937"}],"curies":[{"name":"wp","href":"https:\/\/api.w.org\/{rel}","templated":true}]}}