{"id":104916,"date":"2024-03-25T17:00:18","date_gmt":"2024-03-25T16:00:18","guid":{"rendered":"https:\/\/president-ksgov.net\/?p=104916"},"modified":"2024-05-16T11:19:41","modified_gmt":"2024-05-16T09:19:41","slug":"president-osmani-commemorated-the-massacres-in-celina-fortese-and-brestoc-in-rahovec","status":"publish","type":"post","link":"https:\/\/president-ksgov.net\/en\/president-osmani-commemorated-the-massacres-in-celina-fortese-and-brestoc-in-rahovec\/","title":{"rendered":"President Osmani commemorated the massacres in Celina, Fortes\u00eb and Brestoc in Rahovec"},"content":{"rendered":"<p>25 years ago, the forces of the Serbian genocidal regime, in an offensive aimed at ethnic cleansing of the Rahovec villages, killed 75 civilians in Celina, 68 in Fortes\u00eb and 49 in Brestoc. On this day, in Brestoc, in defense of the civilian population, five KLA fighters also died, while 6 residents are still forcibly missing.<\/p>\n<p>Today we respectfully commemorate all the martyrs of these massacres, as well as those who fell on the altar of freedom.<\/p>\n<p>Justice for the victims and remembrance for the heroes are our incessant obligation!<\/p>\n<p>&nbsp;<\/p>\n","protected":false},"excerpt":{"rendered":"<p>25 years ago, the forces of the Serbian genocidal regime, in an offensive aimed at ethnic cleansing of the Rahovec villages, killed 75 civilians in Celina, 68 in Fortes\u00eb and 49 in Brestoc. On this day, in Brestoc, in defense of the civilian population, five KLA fighters also died, while 6 residents are still forcibly missing. Today we respectfully commemorate all the martyrs of these massacres, as well as those who fell on the altar of freedom. Justice for the victims and remembrance for the heroes are our incessant obligation! &nbsp;<\/p>\n","protected":false},"author":13,"featured_media":102761,"comment_status":"open","ping_status":"closed","sticky":false,"template":"","format":"standard","meta":{"_eb_attr":"","footnotes":""},"categories":[111],"tags":[],"class_list":["post-104916","post","type-post","status-publish","format-standard","has-post-thumbnail","hentry","category-news"],"yoast_head":"<!-- This site is optimized with the Yoast SEO plugin v23.5 - https:\/\/yoast.com\/wordpress\/plugins\/seo\/ -->\n<title>President Osmani commemorated the massacres in Celina, Fortes\u00eb and Brestoc in Rahovec - President of the Republic of Kosovo - DR. VJOSA OSMANI - SADRIU<\/title>\n<meta name=\"description\" content=\"President Osmani commemorated the massacres in Celina, Fortes\u00eb and Brestoc in Rahovec - President of the Republic of Kosovo - DR. VJOSA OSMANI - SADRIU -\" \/>\n<meta name=\"robots\" content=\"index, follow, max-snippet:-1, max-image-preview:large, max-video-preview:-1\" \/>\n<link rel=\"canonical\" href=\"https:\/\/president-ksgov.net\/en\/president-osmani-commemorated-the-massacres-in-celina-fortese-and-brestoc-in-rahovec\/\" \/>\n<meta property=\"og:locale\" content=\"en_US\" \/>\n<meta property=\"og:type\" content=\"article\" \/>\n<meta property=\"og:title\" content=\"President Osmani commemorated the massacres in Celina, Fortes\u00eb and Brestoc in Rahovec - President of the Republic of Kosovo - DR. VJOSA OSMANI - SADRIU\" \/>\n<meta property=\"og:description\" content=\"President Osmani commemorated the massacres in Celina, Fortes\u00eb and Brestoc in Rahovec - President of the Republic of Kosovo - DR. VJOSA OSMANI - SADRIU -\" \/>\n<meta property=\"og:url\" content=\"https:\/\/president-ksgov.net\/en\/president-osmani-commemorated-the-massacres-in-celina-fortese-and-brestoc-in-rahovec\/\" \/>\n<meta property=\"og:site_name\" content=\"President of the Republic of Kosovo - DR. VJOSA OSMANI - SADRIU\" \/>\n<meta property=\"article:published_time\" content=\"2024-03-25T16:00:18+00:00\" \/>\n<meta property=\"article:modified_time\" content=\"2024-05-16T09:19:41+00:00\" \/>\n<meta property=\"og:image\" content=\"https:\/\/president-ksgov.net\/wp-content\/uploads\/WhatsApp-Image-2024-03-25-at-20.50.57.jpeg\" \/>\n\t<meta property=\"og:image:width\" content=\"1081\" \/>\n\t<meta property=\"og:image:height\" content=\"720\" \/>\n\t<meta property=\"og:image:type\" content=\"image\/jpeg\" \/>\n<meta name=\"author\" content=\"Edona Krasniqi\" \/>\n<meta name=\"twitter:card\" content=\"summary_large_image\" \/>\n<meta name=\"twitter:label1\" content=\"Written by\" \/>\n\t<meta name=\"twitter:data1\" content=\"Edona Krasniqi\" \/>\n\t<meta name=\"twitter:label2\" content=\"Est. reading time\" \/>\n\t<meta name=\"twitter:data2\" content=\"1 minute\" \/>\n<script type=\"application\/ld+json\" class=\"yoast-schema-graph\">{\"@context\":\"https:\/\/schema.org\",\"@graph\":[{\"@type\":\"WebPage\",\"@id\":\"https:\/\/president-ksgov.net\/en\/president-osmani-commemorated-the-massacres-in-celina-fortese-and-brestoc-in-rahovec\/\",\"url\":\"https:\/\/president-ksgov.net\/en\/president-osmani-commemorated-the-massacres-in-celina-fortese-and-brestoc-in-rahovec\/\",\"name\":\"President Osmani commemorated the massacres in Celina, Fortes\u00eb and Brestoc in Rahovec - President of the Republic of Kosovo - DR. VJOSA OSMANI - SADRIU\",\"isPartOf\":{\"@id\":\"https:\/\/president-ksgov.net\/#website\"},\"primaryImageOfPage\":{\"@id\":\"https:\/\/president-ksgov.net\/en\/president-osmani-commemorated-the-massacres-in-celina-fortese-and-brestoc-in-rahovec\/#primaryimage\"},\"image\":{\"@id\":\"https:\/\/president-ksgov.net\/en\/president-osmani-commemorated-the-massacres-in-celina-fortese-and-brestoc-in-rahovec\/#primaryimage\"},\"thumbnailUrl\":\"https:\/\/president-ksgov.net\/wp-content\/uploads\/WhatsApp-Image-2024-03-25-at-20.50.57.jpeg\",\"datePublished\":\"2024-03-25T16:00:18+00:00\",\"dateModified\":\"2024-05-16T09:19:41+00:00\",\"author\":{\"@id\":\"https:\/\/president-ksgov.net\/#\/schema\/person\/b9740e15fff71a6f8f26a0e201572567\"},\"description\":\"President Osmani commemorated the massacres in Celina, Fortes\u00eb and Brestoc in Rahovec - President of the Republic of Kosovo - DR. VJOSA OSMANI - SADRIU -\",\"breadcrumb\":{\"@id\":\"https:\/\/president-ksgov.net\/en\/president-osmani-commemorated-the-massacres-in-celina-fortese-and-brestoc-in-rahovec\/#breadcrumb\"},\"inLanguage\":\"en-US\",\"potentialAction\":[{\"@type\":\"ReadAction\",\"target\":[\"https:\/\/president-ksgov.net\/en\/president-osmani-commemorated-the-massacres-in-celina-fortese-and-brestoc-in-rahovec\/\"]}]},{\"@type\":\"ImageObject\",\"inLanguage\":\"en-US\",\"@id\":\"https:\/\/president-ksgov.net\/en\/president-osmani-commemorated-the-massacres-in-celina-fortese-and-brestoc-in-rahovec\/#primaryimage\",\"url\":\"https:\/\/president-ksgov.net\/wp-content\/uploads\/WhatsApp-Image-2024-03-25-at-20.50.57.jpeg\",\"contentUrl\":\"https:\/\/president-ksgov.net\/wp-content\/uploads\/WhatsApp-Image-2024-03-25-at-20.50.57.jpeg\",\"width\":1081,\"height\":720},{\"@type\":\"BreadcrumbList\",\"@id\":\"https:\/\/president-ksgov.net\/en\/president-osmani-commemorated-the-massacres-in-celina-fortese-and-brestoc-in-rahovec\/#breadcrumb\",\"itemListElement\":[{\"@type\":\"ListItem\",\"position\":1,\"name\":\"Home\",\"item\":\"https:\/\/president-ksgov.net\/en\/\"},{\"@type\":\"ListItem\",\"position\":2,\"name\":\"President Osmani commemorated the massacres in Celina, Fortes\u00eb and Brestoc in Rahovec\"}]},{\"@type\":\"WebSite\",\"@id\":\"https:\/\/president-ksgov.net\/#website\",\"url\":\"https:\/\/president-ksgov.net\/\",\"name\":\"Presidente e Republik\u00ebs s\u00eb Kosov\u00ebs\",\"description\":\"Presidente e Republik\u00ebs s\u00eb Kosov\u00ebs\",\"alternateName\":\"DR. VJOSA OSMANI - SADRIU\",\"potentialAction\":[{\"@type\":\"SearchAction\",\"target\":{\"@type\":\"EntryPoint\",\"urlTemplate\":\"https:\/\/president-ksgov.net\/?s={search_term_string}\"},\"query-input\":{\"@type\":\"PropertyValueSpecification\",\"valueRequired\":true,\"valueName\":\"search_term_string\"}}],\"inLanguage\":\"en-US\"},{\"@type\":\"Person\",\"@id\":\"https:\/\/president-ksgov.net\/#\/schema\/person\/b9740e15fff71a6f8f26a0e201572567\",\"name\":\"Edona Krasniqi\",\"image\":{\"@type\":\"ImageObject\",\"inLanguage\":\"en-US\",\"@id\":\"https:\/\/president-ksgov.net\/#\/schema\/person\/image\/\",\"url\":\"https:\/\/secure.gravatar.com\/avatar\/1f0f749e4b80632decf95bd32db3f33277967a04dc5e29d46781d9c89b703cce?s=96&d=mm&r=g\",\"contentUrl\":\"https:\/\/secure.gravatar.com\/avatar\/1f0f749e4b80632decf95bd32db3f33277967a04dc5e29d46781d9c89b703cce?s=96&d=mm&r=g\",\"caption\":\"Edona Krasniqi\"},\"sameAs\":[\"https:\/\/president-ksgov.net\/\"]}]}<\/script>\n<!-- \/ Yoast SEO plugin. -->","yoast_head_json":{"title":"President Osmani commemorated the massacres in Celina, Fortes\u00eb and Brestoc in Rahovec - President of the Republic of Kosovo - DR. VJOSA OSMANI - SADRIU","description":"President Osmani commemorated the massacres in Celina, Fortes\u00eb and Brestoc in Rahovec - President of the Republic of Kosovo - DR. VJOSA OSMANI - SADRIU -","robots":{"index":"index","follow":"follow","max-snippet":"max-snippet:-1","max-image-preview":"max-image-preview:large","max-video-preview":"max-video-preview:-1"},"canonical":"https:\/\/president-ksgov.net\/en\/president-osmani-commemorated-the-massacres-in-celina-fortese-and-brestoc-in-rahovec\/","og_locale":"en_US","og_type":"article","og_title":"President Osmani commemorated the massacres in Celina, Fortes\u00eb and Brestoc in Rahovec - President of the Republic of Kosovo - DR. VJOSA OSMANI - SADRIU","og_description":"President Osmani commemorated the massacres in Celina, Fortes\u00eb and Brestoc in Rahovec - President of the Republic of Kosovo - DR. VJOSA OSMANI - SADRIU -","og_url":"https:\/\/president-ksgov.net\/en\/president-osmani-commemorated-the-massacres-in-celina-fortese-and-brestoc-in-rahovec\/","og_site_name":"President of the Republic of Kosovo - DR. VJOSA OSMANI - SADRIU","article_published_time":"2024-03-25T16:00:18+00:00","article_modified_time":"2024-05-16T09:19:41+00:00","og_image":[{"width":1081,"height":720,"url":"https:\/\/president-ksgov.net\/wp-content\/uploads\/WhatsApp-Image-2024-03-25-at-20.50.57.jpeg","type":"image\/jpeg"}],"author":"Edona Krasniqi","twitter_card":"summary_large_image","twitter_misc":{"Written by":"Edona Krasniqi","Est. reading time":"1 minute"},"schema":{"@context":"https:\/\/schema.org","@graph":[{"@type":"WebPage","@id":"https:\/\/president-ksgov.net\/en\/president-osmani-commemorated-the-massacres-in-celina-fortese-and-brestoc-in-rahovec\/","url":"https:\/\/president-ksgov.net\/en\/president-osmani-commemorated-the-massacres-in-celina-fortese-and-brestoc-in-rahovec\/","name":"President Osmani commemorated the massacres in Celina, Fortes\u00eb and Brestoc in Rahovec - President of the Republic of Kosovo - DR. VJOSA OSMANI - SADRIU","isPartOf":{"@id":"https:\/\/president-ksgov.net\/#website"},"primaryImageOfPage":{"@id":"https:\/\/president-ksgov.net\/en\/president-osmani-commemorated-the-massacres-in-celina-fortese-and-brestoc-in-rahovec\/#primaryimage"},"image":{"@id":"https:\/\/president-ksgov.net\/en\/president-osmani-commemorated-the-massacres-in-celina-fortese-and-brestoc-in-rahovec\/#primaryimage"},"thumbnailUrl":"https:\/\/president-ksgov.net\/wp-content\/uploads\/WhatsApp-Image-2024-03-25-at-20.50.57.jpeg","datePublished":"2024-03-25T16:00:18+00:00","dateModified":"2024-05-16T09:19:41+00:00","author":{"@id":"https:\/\/president-ksgov.net\/#\/schema\/person\/b9740e15fff71a6f8f26a0e201572567"},"description":"President Osmani commemorated the massacres in Celina, Fortes\u00eb and Brestoc in Rahovec - President of the Republic of Kosovo - DR. VJOSA OSMANI - SADRIU -","breadcrumb":{"@id":"https:\/\/president-ksgov.net\/en\/president-osmani-commemorated-the-massacres-in-celina-fortese-and-brestoc-in-rahovec\/#breadcrumb"},"inLanguage":"en-US","potentialAction":[{"@type":"ReadAction","target":["https:\/\/president-ksgov.net\/en\/president-osmani-commemorated-the-massacres-in-celina-fortese-and-brestoc-in-rahovec\/"]}]},{"@type":"ImageObject","inLanguage":"en-US","@id":"https:\/\/president-ksgov.net\/en\/president-osmani-commemorated-the-massacres-in-celina-fortese-and-brestoc-in-rahovec\/#primaryimage","url":"https:\/\/president-ksgov.net\/wp-content\/uploads\/WhatsApp-Image-2024-03-25-at-20.50.57.jpeg","contentUrl":"https:\/\/president-ksgov.net\/wp-content\/uploads\/WhatsApp-Image-2024-03-25-at-20.50.57.jpeg","width":1081,"height":720},{"@type":"BreadcrumbList","@id":"https:\/\/president-ksgov.net\/en\/president-osmani-commemorated-the-massacres-in-celina-fortese-and-brestoc-in-rahovec\/#breadcrumb","itemListElement":[{"@type":"ListItem","position":1,"name":"Home","item":"https:\/\/president-ksgov.net\/en\/"},{"@type":"ListItem","position":2,"name":"President Osmani commemorated the massacres in Celina, Fortes\u00eb and Brestoc in Rahovec"}]},{"@type":"WebSite","@id":"https:\/\/president-ksgov.net\/#website","url":"https:\/\/president-ksgov.net\/","name":"Presidente e Republik\u00ebs s\u00eb Kosov\u00ebs","description":"Presidente e Republik\u00ebs s\u00eb Kosov\u00ebs","alternateName":"DR. VJOSA OSMANI - SADRIU","potentialAction":[{"@type":"SearchAction","target":{"@type":"EntryPoint","urlTemplate":"https:\/\/president-ksgov.net\/?s={search_term_string}"},"query-input":{"@type":"PropertyValueSpecification","valueRequired":true,"valueName":"search_term_string"}}],"inLanguage":"en-US"},{"@type":"Person","@id":"https:\/\/president-ksgov.net\/#\/schema\/person\/b9740e15fff71a6f8f26a0e201572567","name":"Edona Krasniqi","image":{"@type":"ImageObject","inLanguage":"en-US","@id":"https:\/\/president-ksgov.net\/#\/schema\/person\/image\/","url":"https:\/\/secure.gravatar.com\/avatar\/1f0f749e4b80632decf95bd32db3f33277967a04dc5e29d46781d9c89b703cce?s=96&d=mm&r=g","contentUrl":"https:\/\/secure.gravatar.com\/avatar\/1f0f749e4b80632decf95bd32db3f33277967a04dc5e29d46781d9c89b703cce?s=96&d=mm&r=g","caption":"Edona Krasniqi"},"sameAs":["https:\/\/president-ksgov.net\/"]}]}},"_links":{"self":[{"href":"https:\/\/president-ksgov.net\/en\/wp-json\/wp\/v2\/posts\/104916","targetHints":{"allow":["GET"]}}],"collection":[{"href":"https:\/\/president-ksgov.net\/en\/wp-json\/wp\/v2\/posts"}],"about":[{"href":"https:\/\/president-ksgov.net\/en\/wp-json\/wp\/v2\/types\/post"}],"author":[{"embeddable":true,"href":"https:\/\/president-ksgov.net\/en\/wp-json\/wp\/v2\/users\/13"}],"replies":[{"embeddable":true,"href":"https:\/\/president-ksgov.net\/en\/wp-json\/wp\/v2\/comments?post=104916"}],"version-history":[{"count":1,"href":"https:\/\/president-ksgov.net\/en\/wp-json\/wp\/v2\/posts\/104916\/revisions"}],"predecessor-version":[{"id":104917,"href":"https:\/\/president-ksgov.net\/en\/wp-json\/wp\/v2\/posts\/104916\/revisions\/104917"}],"wp:featuredmedia":[{"embeddable":true,"href":"https:\/\/president-ksgov.net\/en\/wp-json\/wp\/v2\/media\/102761"}],"wp:attachment":[{"href":"https:\/\/president-ksgov.net\/en\/wp-json\/wp\/v2\/media?parent=104916"}],"wp:term":[{"taxonomy":"category","embeddable":true,"href":"https:\/\/president-ksgov.net\/en\/wp-json\/wp\/v2\/categories?post=104916"},{"taxonomy":"post_tag","embeddable":true,"href":"https:\/\/president-ksgov.net\/en\/wp-json\/wp\/v2\/tags?post=104916"}],"curies":[{"name":"wp","href":"https:\/\/api.w.org\/{rel}","templated":true}]}}