{"id":104773,"date":"2024-05-09T09:00:25","date_gmt":"2024-05-09T07:00:25","guid":{"rendered":"https:\/\/president-ksgov.net\/?p=104773"},"modified":"2024-05-14T14:54:52","modified_gmt":"2024-05-14T12:54:52","slug":"president-osmani-commemorates-hero-ilir-konushevci-on-the-26th-anniversary-of-his-fall","status":"publish","type":"post","link":"https:\/\/president-ksgov.net\/en\/president-osmani-commemorates-hero-ilir-konushevci-on-the-26th-anniversary-of-his-fall\/","title":{"rendered":"President Osmani commemorates hero Ilir Konushevci on the 26th anniversary of his fall"},"content":{"rendered":"<p>Ilir Konushevci, through his unique activity for the cause of the liberation war, is among the most important figures of the Kosovo Liberation Army, as one of the founders and leaders of its logistics sector.<\/p>\n<p>His murder, together with the doctor Hazir Mala in an organized ambush, was a serious loss for the KLA, precisely at the time of its organization and great expansion.<\/p>\n<p>Loyalty, honesty, courage and determination were the virtues of Ilir, who fell for the freedom of his people.<\/p>\n<p>Due to him and fellow fighters we are free today, so justice for him is a necessity and respect for the sublime sacrifice.<\/p>\n<p>May the memory of the hero Ilir Konushevci and doctor Hazir Mala live forever!<\/p>\n","protected":false},"excerpt":{"rendered":"<p>Ilir Konushevci, through his unique activity for the cause of the liberation war, is among the most important figures of the Kosovo Liberation Army, as one of the founders and leaders of its logistics sector. His murder, together with the doctor Hazir Mala in an organized ambush, was a serious loss for the KLA, precisely at the time of its organization and great expansion. Loyalty, honesty, courage and determination were the virtues of Ilir, who fell for the freedom of his people. Due to him and fellow fighters we are free today, so justice for him is a necessity and respect for the sublime sacrifice. May the memory of the hero Ilir Konushevci and doctor Hazir Mala live forever!<\/p>\n","protected":false},"author":13,"featured_media":104477,"comment_status":"open","ping_status":"closed","sticky":false,"template":"","format":"standard","meta":{"_eb_attr":"","footnotes":""},"categories":[111],"tags":[],"class_list":["post-104773","post","type-post","status-publish","format-standard","has-post-thumbnail","hentry","category-news"],"yoast_head":"<!-- This site is optimized with the Yoast SEO plugin v23.5 - https:\/\/yoast.com\/wordpress\/plugins\/seo\/ -->\n<title>President Osmani commemorates hero Ilir Konushevci on the 26th anniversary of his fall - President of the Republic of Kosovo - DR. VJOSA OSMANI - SADRIU<\/title>\n<meta name=\"description\" content=\"President Osmani commemorates hero Ilir Konushevci on the 26th anniversary of his fall - President of the Republic of Kosovo - DR. VJOSA OSMANI - SADRIU -\" \/>\n<meta name=\"robots\" content=\"index, follow, max-snippet:-1, max-image-preview:large, max-video-preview:-1\" \/>\n<link rel=\"canonical\" href=\"https:\/\/president-ksgov.net\/en\/president-osmani-commemorates-hero-ilir-konushevci-on-the-26th-anniversary-of-his-fall\/\" \/>\n<meta property=\"og:locale\" content=\"en_US\" \/>\n<meta property=\"og:type\" content=\"article\" \/>\n<meta property=\"og:title\" content=\"President Osmani commemorates hero Ilir Konushevci on the 26th anniversary of his fall - President of the Republic of Kosovo - DR. VJOSA OSMANI - SADRIU\" \/>\n<meta property=\"og:description\" content=\"President Osmani commemorates hero Ilir Konushevci on the 26th anniversary of his fall - President of the Republic of Kosovo - DR. VJOSA OSMANI - SADRIU -\" \/>\n<meta property=\"og:url\" content=\"https:\/\/president-ksgov.net\/en\/president-osmani-commemorates-hero-ilir-konushevci-on-the-26th-anniversary-of-his-fall\/\" \/>\n<meta property=\"og:site_name\" content=\"President of the Republic of Kosovo - DR. VJOSA OSMANI - SADRIU\" \/>\n<meta property=\"article:published_time\" content=\"2024-05-09T07:00:25+00:00\" \/>\n<meta property=\"article:modified_time\" content=\"2024-05-14T12:54:52+00:00\" \/>\n<meta property=\"og:image\" content=\"https:\/\/president-ksgov.net\/wp-content\/uploads\/09_05_2022_8180262_IMG_c1c5b6f532521fafbc2b826b45ab62b9_V-1.jpg\" \/>\n\t<meta property=\"og:image:width\" content=\"850\" \/>\n\t<meta property=\"og:image:height\" content=\"636\" \/>\n\t<meta property=\"og:image:type\" content=\"image\/jpeg\" \/>\n<meta name=\"author\" content=\"Edona Krasniqi\" \/>\n<meta name=\"twitter:card\" content=\"summary_large_image\" \/>\n<meta name=\"twitter:label1\" content=\"Written by\" \/>\n\t<meta name=\"twitter:data1\" content=\"Edona Krasniqi\" \/>\n\t<meta name=\"twitter:label2\" content=\"Est. reading time\" \/>\n\t<meta name=\"twitter:data2\" content=\"1 minute\" \/>\n<script type=\"application\/ld+json\" class=\"yoast-schema-graph\">{\"@context\":\"https:\/\/schema.org\",\"@graph\":[{\"@type\":\"WebPage\",\"@id\":\"https:\/\/president-ksgov.net\/en\/president-osmani-commemorates-hero-ilir-konushevci-on-the-26th-anniversary-of-his-fall\/\",\"url\":\"https:\/\/president-ksgov.net\/en\/president-osmani-commemorates-hero-ilir-konushevci-on-the-26th-anniversary-of-his-fall\/\",\"name\":\"President Osmani commemorates hero Ilir Konushevci on the 26th anniversary of his fall - President of the Republic of Kosovo - DR. VJOSA OSMANI - SADRIU\",\"isPartOf\":{\"@id\":\"https:\/\/president-ksgov.net\/#website\"},\"primaryImageOfPage\":{\"@id\":\"https:\/\/president-ksgov.net\/en\/president-osmani-commemorates-hero-ilir-konushevci-on-the-26th-anniversary-of-his-fall\/#primaryimage\"},\"image\":{\"@id\":\"https:\/\/president-ksgov.net\/en\/president-osmani-commemorates-hero-ilir-konushevci-on-the-26th-anniversary-of-his-fall\/#primaryimage\"},\"thumbnailUrl\":\"https:\/\/president-ksgov.net\/wp-content\/uploads\/09_05_2022_8180262_IMG_c1c5b6f532521fafbc2b826b45ab62b9_V-1.jpg\",\"datePublished\":\"2024-05-09T07:00:25+00:00\",\"dateModified\":\"2024-05-14T12:54:52+00:00\",\"author\":{\"@id\":\"https:\/\/president-ksgov.net\/#\/schema\/person\/b9740e15fff71a6f8f26a0e201572567\"},\"description\":\"President Osmani commemorates hero Ilir Konushevci on the 26th anniversary of his fall - President of the Republic of Kosovo - DR. VJOSA OSMANI - SADRIU -\",\"breadcrumb\":{\"@id\":\"https:\/\/president-ksgov.net\/en\/president-osmani-commemorates-hero-ilir-konushevci-on-the-26th-anniversary-of-his-fall\/#breadcrumb\"},\"inLanguage\":\"en-US\",\"potentialAction\":[{\"@type\":\"ReadAction\",\"target\":[\"https:\/\/president-ksgov.net\/en\/president-osmani-commemorates-hero-ilir-konushevci-on-the-26th-anniversary-of-his-fall\/\"]}]},{\"@type\":\"ImageObject\",\"inLanguage\":\"en-US\",\"@id\":\"https:\/\/president-ksgov.net\/en\/president-osmani-commemorates-hero-ilir-konushevci-on-the-26th-anniversary-of-his-fall\/#primaryimage\",\"url\":\"https:\/\/president-ksgov.net\/wp-content\/uploads\/09_05_2022_8180262_IMG_c1c5b6f532521fafbc2b826b45ab62b9_V-1.jpg\",\"contentUrl\":\"https:\/\/president-ksgov.net\/wp-content\/uploads\/09_05_2022_8180262_IMG_c1c5b6f532521fafbc2b826b45ab62b9_V-1.jpg\",\"width\":850,\"height\":636},{\"@type\":\"BreadcrumbList\",\"@id\":\"https:\/\/president-ksgov.net\/en\/president-osmani-commemorates-hero-ilir-konushevci-on-the-26th-anniversary-of-his-fall\/#breadcrumb\",\"itemListElement\":[{\"@type\":\"ListItem\",\"position\":1,\"name\":\"Home\",\"item\":\"https:\/\/president-ksgov.net\/en\/\"},{\"@type\":\"ListItem\",\"position\":2,\"name\":\"President Osmani commemorates hero Ilir Konushevci on the 26th anniversary of his fall\"}]},{\"@type\":\"WebSite\",\"@id\":\"https:\/\/president-ksgov.net\/#website\",\"url\":\"https:\/\/president-ksgov.net\/\",\"name\":\"Presidente e Republik\u00ebs s\u00eb Kosov\u00ebs\",\"description\":\"Presidente e Republik\u00ebs s\u00eb Kosov\u00ebs\",\"alternateName\":\"DR. VJOSA OSMANI - SADRIU\",\"potentialAction\":[{\"@type\":\"SearchAction\",\"target\":{\"@type\":\"EntryPoint\",\"urlTemplate\":\"https:\/\/president-ksgov.net\/?s={search_term_string}\"},\"query-input\":{\"@type\":\"PropertyValueSpecification\",\"valueRequired\":true,\"valueName\":\"search_term_string\"}}],\"inLanguage\":\"en-US\"},{\"@type\":\"Person\",\"@id\":\"https:\/\/president-ksgov.net\/#\/schema\/person\/b9740e15fff71a6f8f26a0e201572567\",\"name\":\"Edona Krasniqi\",\"image\":{\"@type\":\"ImageObject\",\"inLanguage\":\"en-US\",\"@id\":\"https:\/\/president-ksgov.net\/#\/schema\/person\/image\/\",\"url\":\"https:\/\/secure.gravatar.com\/avatar\/1f0f749e4b80632decf95bd32db3f33277967a04dc5e29d46781d9c89b703cce?s=96&d=mm&r=g\",\"contentUrl\":\"https:\/\/secure.gravatar.com\/avatar\/1f0f749e4b80632decf95bd32db3f33277967a04dc5e29d46781d9c89b703cce?s=96&d=mm&r=g\",\"caption\":\"Edona Krasniqi\"},\"sameAs\":[\"https:\/\/president-ksgov.net\/\"]}]}<\/script>\n<!-- \/ Yoast SEO plugin. -->","yoast_head_json":{"title":"President Osmani commemorates hero Ilir Konushevci on the 26th anniversary of his fall - President of the Republic of Kosovo - DR. VJOSA OSMANI - SADRIU","description":"President Osmani commemorates hero Ilir Konushevci on the 26th anniversary of his fall - President of the Republic of Kosovo - DR. VJOSA OSMANI - SADRIU -","robots":{"index":"index","follow":"follow","max-snippet":"max-snippet:-1","max-image-preview":"max-image-preview:large","max-video-preview":"max-video-preview:-1"},"canonical":"https:\/\/president-ksgov.net\/en\/president-osmani-commemorates-hero-ilir-konushevci-on-the-26th-anniversary-of-his-fall\/","og_locale":"en_US","og_type":"article","og_title":"President Osmani commemorates hero Ilir Konushevci on the 26th anniversary of his fall - President of the Republic of Kosovo - DR. VJOSA OSMANI - SADRIU","og_description":"President Osmani commemorates hero Ilir Konushevci on the 26th anniversary of his fall - President of the Republic of Kosovo - DR. VJOSA OSMANI - SADRIU -","og_url":"https:\/\/president-ksgov.net\/en\/president-osmani-commemorates-hero-ilir-konushevci-on-the-26th-anniversary-of-his-fall\/","og_site_name":"President of the Republic of Kosovo - DR. VJOSA OSMANI - SADRIU","article_published_time":"2024-05-09T07:00:25+00:00","article_modified_time":"2024-05-14T12:54:52+00:00","og_image":[{"width":850,"height":636,"url":"https:\/\/president-ksgov.net\/wp-content\/uploads\/09_05_2022_8180262_IMG_c1c5b6f532521fafbc2b826b45ab62b9_V-1.jpg","type":"image\/jpeg"}],"author":"Edona Krasniqi","twitter_card":"summary_large_image","twitter_misc":{"Written by":"Edona Krasniqi","Est. reading time":"1 minute"},"schema":{"@context":"https:\/\/schema.org","@graph":[{"@type":"WebPage","@id":"https:\/\/president-ksgov.net\/en\/president-osmani-commemorates-hero-ilir-konushevci-on-the-26th-anniversary-of-his-fall\/","url":"https:\/\/president-ksgov.net\/en\/president-osmani-commemorates-hero-ilir-konushevci-on-the-26th-anniversary-of-his-fall\/","name":"President Osmani commemorates hero Ilir Konushevci on the 26th anniversary of his fall - President of the Republic of Kosovo - DR. VJOSA OSMANI - SADRIU","isPartOf":{"@id":"https:\/\/president-ksgov.net\/#website"},"primaryImageOfPage":{"@id":"https:\/\/president-ksgov.net\/en\/president-osmani-commemorates-hero-ilir-konushevci-on-the-26th-anniversary-of-his-fall\/#primaryimage"},"image":{"@id":"https:\/\/president-ksgov.net\/en\/president-osmani-commemorates-hero-ilir-konushevci-on-the-26th-anniversary-of-his-fall\/#primaryimage"},"thumbnailUrl":"https:\/\/president-ksgov.net\/wp-content\/uploads\/09_05_2022_8180262_IMG_c1c5b6f532521fafbc2b826b45ab62b9_V-1.jpg","datePublished":"2024-05-09T07:00:25+00:00","dateModified":"2024-05-14T12:54:52+00:00","author":{"@id":"https:\/\/president-ksgov.net\/#\/schema\/person\/b9740e15fff71a6f8f26a0e201572567"},"description":"President Osmani commemorates hero Ilir Konushevci on the 26th anniversary of his fall - President of the Republic of Kosovo - DR. VJOSA OSMANI - SADRIU -","breadcrumb":{"@id":"https:\/\/president-ksgov.net\/en\/president-osmani-commemorates-hero-ilir-konushevci-on-the-26th-anniversary-of-his-fall\/#breadcrumb"},"inLanguage":"en-US","potentialAction":[{"@type":"ReadAction","target":["https:\/\/president-ksgov.net\/en\/president-osmani-commemorates-hero-ilir-konushevci-on-the-26th-anniversary-of-his-fall\/"]}]},{"@type":"ImageObject","inLanguage":"en-US","@id":"https:\/\/president-ksgov.net\/en\/president-osmani-commemorates-hero-ilir-konushevci-on-the-26th-anniversary-of-his-fall\/#primaryimage","url":"https:\/\/president-ksgov.net\/wp-content\/uploads\/09_05_2022_8180262_IMG_c1c5b6f532521fafbc2b826b45ab62b9_V-1.jpg","contentUrl":"https:\/\/president-ksgov.net\/wp-content\/uploads\/09_05_2022_8180262_IMG_c1c5b6f532521fafbc2b826b45ab62b9_V-1.jpg","width":850,"height":636},{"@type":"BreadcrumbList","@id":"https:\/\/president-ksgov.net\/en\/president-osmani-commemorates-hero-ilir-konushevci-on-the-26th-anniversary-of-his-fall\/#breadcrumb","itemListElement":[{"@type":"ListItem","position":1,"name":"Home","item":"https:\/\/president-ksgov.net\/en\/"},{"@type":"ListItem","position":2,"name":"President Osmani commemorates hero Ilir Konushevci on the 26th anniversary of his fall"}]},{"@type":"WebSite","@id":"https:\/\/president-ksgov.net\/#website","url":"https:\/\/president-ksgov.net\/","name":"Presidente e Republik\u00ebs s\u00eb Kosov\u00ebs","description":"Presidente e Republik\u00ebs s\u00eb Kosov\u00ebs","alternateName":"DR. VJOSA OSMANI - SADRIU","potentialAction":[{"@type":"SearchAction","target":{"@type":"EntryPoint","urlTemplate":"https:\/\/president-ksgov.net\/?s={search_term_string}"},"query-input":{"@type":"PropertyValueSpecification","valueRequired":true,"valueName":"search_term_string"}}],"inLanguage":"en-US"},{"@type":"Person","@id":"https:\/\/president-ksgov.net\/#\/schema\/person\/b9740e15fff71a6f8f26a0e201572567","name":"Edona Krasniqi","image":{"@type":"ImageObject","inLanguage":"en-US","@id":"https:\/\/president-ksgov.net\/#\/schema\/person\/image\/","url":"https:\/\/secure.gravatar.com\/avatar\/1f0f749e4b80632decf95bd32db3f33277967a04dc5e29d46781d9c89b703cce?s=96&d=mm&r=g","contentUrl":"https:\/\/secure.gravatar.com\/avatar\/1f0f749e4b80632decf95bd32db3f33277967a04dc5e29d46781d9c89b703cce?s=96&d=mm&r=g","caption":"Edona Krasniqi"},"sameAs":["https:\/\/president-ksgov.net\/"]}]}},"_links":{"self":[{"href":"https:\/\/president-ksgov.net\/en\/wp-json\/wp\/v2\/posts\/104773","targetHints":{"allow":["GET"]}}],"collection":[{"href":"https:\/\/president-ksgov.net\/en\/wp-json\/wp\/v2\/posts"}],"about":[{"href":"https:\/\/president-ksgov.net\/en\/wp-json\/wp\/v2\/types\/post"}],"author":[{"embeddable":true,"href":"https:\/\/president-ksgov.net\/en\/wp-json\/wp\/v2\/users\/13"}],"replies":[{"embeddable":true,"href":"https:\/\/president-ksgov.net\/en\/wp-json\/wp\/v2\/comments?post=104773"}],"version-history":[{"count":1,"href":"https:\/\/president-ksgov.net\/en\/wp-json\/wp\/v2\/posts\/104773\/revisions"}],"predecessor-version":[{"id":104774,"href":"https:\/\/president-ksgov.net\/en\/wp-json\/wp\/v2\/posts\/104773\/revisions\/104774"}],"wp:featuredmedia":[{"embeddable":true,"href":"https:\/\/president-ksgov.net\/en\/wp-json\/wp\/v2\/media\/104477"}],"wp:attachment":[{"href":"https:\/\/president-ksgov.net\/en\/wp-json\/wp\/v2\/media?parent=104773"}],"wp:term":[{"taxonomy":"category","embeddable":true,"href":"https:\/\/president-ksgov.net\/en\/wp-json\/wp\/v2\/categories?post=104773"},{"taxonomy":"post_tag","embeddable":true,"href":"https:\/\/president-ksgov.net\/en\/wp-json\/wp\/v2\/tags?post=104773"}],"curies":[{"name":"wp","href":"https:\/\/api.w.org\/{rel}","templated":true}]}}