{"id":103827,"date":"2024-04-04T17:57:51","date_gmt":"2024-04-04T15:57:51","guid":{"rendered":"https:\/\/president-ksgov.net\/?p=103827"},"modified":"2024-04-23T14:31:24","modified_gmt":"2024-04-23T12:31:24","slug":"president-osmani-commemorates-the-25th-anniversary-of-the-kralan-and-qupeve-e-eperme-massacres","status":"publish","type":"post","link":"https:\/\/president-ksgov.net\/en\/president-osmani-commemorates-the-25th-anniversary-of-the-kralan-and-qupeve-e-eperme-massacres\/","title":{"rendered":"President Osmani commemorates the 25th anniversary of the Kralan and Qupev\u00eb e Ep\u00ebrme massacres"},"content":{"rendered":"<p>25 years ago, the forces of the Serbian genocidal regime of Serbia, in Kralan of Gjakova, after being kidnapped from the column of the displaced, killed and burned 87 civilians from the municipalities of: Klin\u00eb, Malishev\u00eb and Gjakov\u00eb, among them elderly, women, men and children.<\/p>\n<p>The criminal regime continued its brutality in the villages of Qupev\u00eb e Ep\u00ebrme and e Poshtme, Gllarev\u00eb, P\u00ebr\u00e7ev\u00eb, Sverk\u00eb, Gremnik, where<br \/>\nthey brutally killed 45 Albanian civilians.<\/p>\n<p>These massacres are evidence of the Serbian criminal regime&#8217;s attempt to exterminate and ethnically cleanse Albanians.<\/p>\n<p>Bringing the perpetrators to justice is necessary for lasting peace and for the protection of the truth.<\/p>\n<p>May the memory be eternal for all those who fell for freedom!<\/p>\n","protected":false},"excerpt":{"rendered":"<p>25 years ago, the forces of the Serbian genocidal regime of Serbia, in Kralan of Gjakova, after being kidnapped from the column of the displaced, killed and burned 87 civilians from the municipalities of: Klin\u00eb, Malishev\u00eb and Gjakov\u00eb, among them elderly, women, men and children. The criminal regime continued its brutality in the villages of Qupev\u00eb e Ep\u00ebrme and e Poshtme, Gllarev\u00eb, P\u00ebr\u00e7ev\u00eb, Sverk\u00eb, Gremnik, where they brutally killed 45 Albanian civilians. These massacres are evidence of the Serbian criminal regime&#8217;s attempt to exterminate and ethnically cleanse Albanians. Bringing the perpetrators to justice is necessary for lasting peace and for the protection of the truth. May the memory be eternal for all those who fell for freedom!<\/p>\n","protected":false},"author":13,"featured_media":103201,"comment_status":"open","ping_status":"closed","sticky":false,"template":"","format":"standard","meta":{"_eb_attr":"","footnotes":""},"categories":[111],"tags":[],"class_list":["post-103827","post","type-post","status-publish","format-standard","has-post-thumbnail","hentry","category-news"],"yoast_head":"<!-- This site is optimized with the Yoast SEO plugin v23.5 - https:\/\/yoast.com\/wordpress\/plugins\/seo\/ -->\n<title>President Osmani commemorates the 25th anniversary of the Kralan and Qupev\u00eb e Ep\u00ebrme massacres - President of the Republic of Kosovo - DR. VJOSA OSMANI - SADRIU<\/title>\n<meta name=\"description\" content=\"President Osmani commemorates the 25th anniversary of the Kralan and Qupev\u00eb e Ep\u00ebrme massacres - President of the Republic of Kosovo - DR. VJOSA OSMANI - SADRIU -\" \/>\n<meta name=\"robots\" content=\"index, follow, max-snippet:-1, max-image-preview:large, max-video-preview:-1\" \/>\n<link rel=\"canonical\" href=\"https:\/\/president-ksgov.net\/en\/president-osmani-commemorates-the-25th-anniversary-of-the-kralan-and-qupeve-e-eperme-massacres\/\" \/>\n<meta property=\"og:locale\" content=\"en_US\" \/>\n<meta property=\"og:type\" content=\"article\" \/>\n<meta property=\"og:title\" content=\"President Osmani commemorates the 25th anniversary of the Kralan and Qupev\u00eb e Ep\u00ebrme massacres - President of the Republic of Kosovo - DR. VJOSA OSMANI - SADRIU\" \/>\n<meta property=\"og:description\" content=\"President Osmani commemorates the 25th anniversary of the Kralan and Qupev\u00eb e Ep\u00ebrme massacres - President of the Republic of Kosovo - DR. VJOSA OSMANI - SADRIU -\" \/>\n<meta property=\"og:url\" content=\"https:\/\/president-ksgov.net\/en\/president-osmani-commemorates-the-25th-anniversary-of-the-kralan-and-qupeve-e-eperme-massacres\/\" \/>\n<meta property=\"og:site_name\" content=\"President of the Republic of Kosovo - DR. VJOSA OSMANI - SADRIU\" \/>\n<meta property=\"article:published_time\" content=\"2024-04-04T15:57:51+00:00\" \/>\n<meta property=\"article:modified_time\" content=\"2024-04-23T12:31:24+00:00\" \/>\n<meta property=\"og:image\" content=\"https:\/\/president-ksgov.net\/wp-content\/uploads\/1000006251.jpg\" \/>\n\t<meta property=\"og:image:width\" content=\"601\" \/>\n\t<meta property=\"og:image:height\" content=\"720\" \/>\n\t<meta property=\"og:image:type\" content=\"image\/jpeg\" \/>\n<meta name=\"author\" content=\"Edona Krasniqi\" \/>\n<meta name=\"twitter:card\" content=\"summary_large_image\" \/>\n<meta name=\"twitter:label1\" content=\"Written by\" \/>\n\t<meta name=\"twitter:data1\" content=\"Edona Krasniqi\" \/>\n\t<meta name=\"twitter:label2\" content=\"Est. reading time\" \/>\n\t<meta name=\"twitter:data2\" content=\"1 minute\" \/>\n<script type=\"application\/ld+json\" class=\"yoast-schema-graph\">{\"@context\":\"https:\/\/schema.org\",\"@graph\":[{\"@type\":\"WebPage\",\"@id\":\"https:\/\/president-ksgov.net\/en\/president-osmani-commemorates-the-25th-anniversary-of-the-kralan-and-qupeve-e-eperme-massacres\/\",\"url\":\"https:\/\/president-ksgov.net\/en\/president-osmani-commemorates-the-25th-anniversary-of-the-kralan-and-qupeve-e-eperme-massacres\/\",\"name\":\"President Osmani commemorates the 25th anniversary of the Kralan and Qupev\u00eb e Ep\u00ebrme massacres - President of the Republic of Kosovo - DR. VJOSA OSMANI - SADRIU\",\"isPartOf\":{\"@id\":\"https:\/\/president-ksgov.net\/#website\"},\"primaryImageOfPage\":{\"@id\":\"https:\/\/president-ksgov.net\/en\/president-osmani-commemorates-the-25th-anniversary-of-the-kralan-and-qupeve-e-eperme-massacres\/#primaryimage\"},\"image\":{\"@id\":\"https:\/\/president-ksgov.net\/en\/president-osmani-commemorates-the-25th-anniversary-of-the-kralan-and-qupeve-e-eperme-massacres\/#primaryimage\"},\"thumbnailUrl\":\"https:\/\/president-ksgov.net\/wp-content\/uploads\/1000006251.jpg\",\"datePublished\":\"2024-04-04T15:57:51+00:00\",\"dateModified\":\"2024-04-23T12:31:24+00:00\",\"author\":{\"@id\":\"https:\/\/president-ksgov.net\/#\/schema\/person\/b9740e15fff71a6f8f26a0e201572567\"},\"description\":\"President Osmani commemorates the 25th anniversary of the Kralan and Qupev\u00eb e Ep\u00ebrme massacres - President of the Republic of Kosovo - DR. VJOSA OSMANI - SADRIU -\",\"breadcrumb\":{\"@id\":\"https:\/\/president-ksgov.net\/en\/president-osmani-commemorates-the-25th-anniversary-of-the-kralan-and-qupeve-e-eperme-massacres\/#breadcrumb\"},\"inLanguage\":\"en-US\",\"potentialAction\":[{\"@type\":\"ReadAction\",\"target\":[\"https:\/\/president-ksgov.net\/en\/president-osmani-commemorates-the-25th-anniversary-of-the-kralan-and-qupeve-e-eperme-massacres\/\"]}]},{\"@type\":\"ImageObject\",\"inLanguage\":\"en-US\",\"@id\":\"https:\/\/president-ksgov.net\/en\/president-osmani-commemorates-the-25th-anniversary-of-the-kralan-and-qupeve-e-eperme-massacres\/#primaryimage\",\"url\":\"https:\/\/president-ksgov.net\/wp-content\/uploads\/1000006251.jpg\",\"contentUrl\":\"https:\/\/president-ksgov.net\/wp-content\/uploads\/1000006251.jpg\",\"width\":601,\"height\":720},{\"@type\":\"BreadcrumbList\",\"@id\":\"https:\/\/president-ksgov.net\/en\/president-osmani-commemorates-the-25th-anniversary-of-the-kralan-and-qupeve-e-eperme-massacres\/#breadcrumb\",\"itemListElement\":[{\"@type\":\"ListItem\",\"position\":1,\"name\":\"Home\",\"item\":\"https:\/\/president-ksgov.net\/en\/\"},{\"@type\":\"ListItem\",\"position\":2,\"name\":\"President Osmani commemorates the 25th anniversary of the Kralan and Qupev\u00eb e Ep\u00ebrme massacres\"}]},{\"@type\":\"WebSite\",\"@id\":\"https:\/\/president-ksgov.net\/#website\",\"url\":\"https:\/\/president-ksgov.net\/\",\"name\":\"Presidente e Republik\u00ebs s\u00eb Kosov\u00ebs\",\"description\":\"Presidente e Republik\u00ebs s\u00eb Kosov\u00ebs\",\"alternateName\":\"DR. VJOSA OSMANI - SADRIU\",\"potentialAction\":[{\"@type\":\"SearchAction\",\"target\":{\"@type\":\"EntryPoint\",\"urlTemplate\":\"https:\/\/president-ksgov.net\/?s={search_term_string}\"},\"query-input\":{\"@type\":\"PropertyValueSpecification\",\"valueRequired\":true,\"valueName\":\"search_term_string\"}}],\"inLanguage\":\"en-US\"},{\"@type\":\"Person\",\"@id\":\"https:\/\/president-ksgov.net\/#\/schema\/person\/b9740e15fff71a6f8f26a0e201572567\",\"name\":\"Edona Krasniqi\",\"image\":{\"@type\":\"ImageObject\",\"inLanguage\":\"en-US\",\"@id\":\"https:\/\/president-ksgov.net\/#\/schema\/person\/image\/\",\"url\":\"https:\/\/secure.gravatar.com\/avatar\/1f0f749e4b80632decf95bd32db3f33277967a04dc5e29d46781d9c89b703cce?s=96&d=mm&r=g\",\"contentUrl\":\"https:\/\/secure.gravatar.com\/avatar\/1f0f749e4b80632decf95bd32db3f33277967a04dc5e29d46781d9c89b703cce?s=96&d=mm&r=g\",\"caption\":\"Edona Krasniqi\"},\"sameAs\":[\"https:\/\/president-ksgov.net\/\"]}]}<\/script>\n<!-- \/ Yoast SEO plugin. -->","yoast_head_json":{"title":"President Osmani commemorates the 25th anniversary of the Kralan and Qupev\u00eb e Ep\u00ebrme massacres - President of the Republic of Kosovo - DR. VJOSA OSMANI - SADRIU","description":"President Osmani commemorates the 25th anniversary of the Kralan and Qupev\u00eb e Ep\u00ebrme massacres - President of the Republic of Kosovo - DR. VJOSA OSMANI - SADRIU -","robots":{"index":"index","follow":"follow","max-snippet":"max-snippet:-1","max-image-preview":"max-image-preview:large","max-video-preview":"max-video-preview:-1"},"canonical":"https:\/\/president-ksgov.net\/en\/president-osmani-commemorates-the-25th-anniversary-of-the-kralan-and-qupeve-e-eperme-massacres\/","og_locale":"en_US","og_type":"article","og_title":"President Osmani commemorates the 25th anniversary of the Kralan and Qupev\u00eb e Ep\u00ebrme massacres - President of the Republic of Kosovo - DR. VJOSA OSMANI - SADRIU","og_description":"President Osmani commemorates the 25th anniversary of the Kralan and Qupev\u00eb e Ep\u00ebrme massacres - President of the Republic of Kosovo - DR. VJOSA OSMANI - SADRIU -","og_url":"https:\/\/president-ksgov.net\/en\/president-osmani-commemorates-the-25th-anniversary-of-the-kralan-and-qupeve-e-eperme-massacres\/","og_site_name":"President of the Republic of Kosovo - DR. VJOSA OSMANI - SADRIU","article_published_time":"2024-04-04T15:57:51+00:00","article_modified_time":"2024-04-23T12:31:24+00:00","og_image":[{"width":601,"height":720,"url":"https:\/\/president-ksgov.net\/wp-content\/uploads\/1000006251.jpg","type":"image\/jpeg"}],"author":"Edona Krasniqi","twitter_card":"summary_large_image","twitter_misc":{"Written by":"Edona Krasniqi","Est. reading time":"1 minute"},"schema":{"@context":"https:\/\/schema.org","@graph":[{"@type":"WebPage","@id":"https:\/\/president-ksgov.net\/en\/president-osmani-commemorates-the-25th-anniversary-of-the-kralan-and-qupeve-e-eperme-massacres\/","url":"https:\/\/president-ksgov.net\/en\/president-osmani-commemorates-the-25th-anniversary-of-the-kralan-and-qupeve-e-eperme-massacres\/","name":"President Osmani commemorates the 25th anniversary of the Kralan and Qupev\u00eb e Ep\u00ebrme massacres - President of the Republic of Kosovo - DR. VJOSA OSMANI - SADRIU","isPartOf":{"@id":"https:\/\/president-ksgov.net\/#website"},"primaryImageOfPage":{"@id":"https:\/\/president-ksgov.net\/en\/president-osmani-commemorates-the-25th-anniversary-of-the-kralan-and-qupeve-e-eperme-massacres\/#primaryimage"},"image":{"@id":"https:\/\/president-ksgov.net\/en\/president-osmani-commemorates-the-25th-anniversary-of-the-kralan-and-qupeve-e-eperme-massacres\/#primaryimage"},"thumbnailUrl":"https:\/\/president-ksgov.net\/wp-content\/uploads\/1000006251.jpg","datePublished":"2024-04-04T15:57:51+00:00","dateModified":"2024-04-23T12:31:24+00:00","author":{"@id":"https:\/\/president-ksgov.net\/#\/schema\/person\/b9740e15fff71a6f8f26a0e201572567"},"description":"President Osmani commemorates the 25th anniversary of the Kralan and Qupev\u00eb e Ep\u00ebrme massacres - President of the Republic of Kosovo - DR. VJOSA OSMANI - SADRIU -","breadcrumb":{"@id":"https:\/\/president-ksgov.net\/en\/president-osmani-commemorates-the-25th-anniversary-of-the-kralan-and-qupeve-e-eperme-massacres\/#breadcrumb"},"inLanguage":"en-US","potentialAction":[{"@type":"ReadAction","target":["https:\/\/president-ksgov.net\/en\/president-osmani-commemorates-the-25th-anniversary-of-the-kralan-and-qupeve-e-eperme-massacres\/"]}]},{"@type":"ImageObject","inLanguage":"en-US","@id":"https:\/\/president-ksgov.net\/en\/president-osmani-commemorates-the-25th-anniversary-of-the-kralan-and-qupeve-e-eperme-massacres\/#primaryimage","url":"https:\/\/president-ksgov.net\/wp-content\/uploads\/1000006251.jpg","contentUrl":"https:\/\/president-ksgov.net\/wp-content\/uploads\/1000006251.jpg","width":601,"height":720},{"@type":"BreadcrumbList","@id":"https:\/\/president-ksgov.net\/en\/president-osmani-commemorates-the-25th-anniversary-of-the-kralan-and-qupeve-e-eperme-massacres\/#breadcrumb","itemListElement":[{"@type":"ListItem","position":1,"name":"Home","item":"https:\/\/president-ksgov.net\/en\/"},{"@type":"ListItem","position":2,"name":"President Osmani commemorates the 25th anniversary of the Kralan and Qupev\u00eb e Ep\u00ebrme massacres"}]},{"@type":"WebSite","@id":"https:\/\/president-ksgov.net\/#website","url":"https:\/\/president-ksgov.net\/","name":"Presidente e Republik\u00ebs s\u00eb Kosov\u00ebs","description":"Presidente e Republik\u00ebs s\u00eb Kosov\u00ebs","alternateName":"DR. VJOSA OSMANI - SADRIU","potentialAction":[{"@type":"SearchAction","target":{"@type":"EntryPoint","urlTemplate":"https:\/\/president-ksgov.net\/?s={search_term_string}"},"query-input":{"@type":"PropertyValueSpecification","valueRequired":true,"valueName":"search_term_string"}}],"inLanguage":"en-US"},{"@type":"Person","@id":"https:\/\/president-ksgov.net\/#\/schema\/person\/b9740e15fff71a6f8f26a0e201572567","name":"Edona Krasniqi","image":{"@type":"ImageObject","inLanguage":"en-US","@id":"https:\/\/president-ksgov.net\/#\/schema\/person\/image\/","url":"https:\/\/secure.gravatar.com\/avatar\/1f0f749e4b80632decf95bd32db3f33277967a04dc5e29d46781d9c89b703cce?s=96&d=mm&r=g","contentUrl":"https:\/\/secure.gravatar.com\/avatar\/1f0f749e4b80632decf95bd32db3f33277967a04dc5e29d46781d9c89b703cce?s=96&d=mm&r=g","caption":"Edona Krasniqi"},"sameAs":["https:\/\/president-ksgov.net\/"]}]}},"_links":{"self":[{"href":"https:\/\/president-ksgov.net\/en\/wp-json\/wp\/v2\/posts\/103827","targetHints":{"allow":["GET"]}}],"collection":[{"href":"https:\/\/president-ksgov.net\/en\/wp-json\/wp\/v2\/posts"}],"about":[{"href":"https:\/\/president-ksgov.net\/en\/wp-json\/wp\/v2\/types\/post"}],"author":[{"embeddable":true,"href":"https:\/\/president-ksgov.net\/en\/wp-json\/wp\/v2\/users\/13"}],"replies":[{"embeddable":true,"href":"https:\/\/president-ksgov.net\/en\/wp-json\/wp\/v2\/comments?post=103827"}],"version-history":[{"count":1,"href":"https:\/\/president-ksgov.net\/en\/wp-json\/wp\/v2\/posts\/103827\/revisions"}],"predecessor-version":[{"id":103828,"href":"https:\/\/president-ksgov.net\/en\/wp-json\/wp\/v2\/posts\/103827\/revisions\/103828"}],"wp:featuredmedia":[{"embeddable":true,"href":"https:\/\/president-ksgov.net\/en\/wp-json\/wp\/v2\/media\/103201"}],"wp:attachment":[{"href":"https:\/\/president-ksgov.net\/en\/wp-json\/wp\/v2\/media?parent=103827"}],"wp:term":[{"taxonomy":"category","embeddable":true,"href":"https:\/\/president-ksgov.net\/en\/wp-json\/wp\/v2\/categories?post=103827"},{"taxonomy":"post_tag","embeddable":true,"href":"https:\/\/president-ksgov.net\/en\/wp-json\/wp\/v2\/tags?post=103827"}],"curies":[{"name":"wp","href":"https:\/\/api.w.org\/{rel}","templated":true}]}}