{"id":103811,"date":"2024-04-09T21:12:19","date_gmt":"2024-04-09T19:12:19","guid":{"rendered":"https:\/\/president-ksgov.net\/?p=103811"},"modified":"2024-04-23T12:05:11","modified_gmt":"2024-04-23T10:05:11","slug":"president-osmani-commemorated-the-25th-anniversary-of-the-massacre-in-lagja-e-re-and-rakoc-of-kacanik","status":"publish","type":"post","link":"https:\/\/president-ksgov.net\/en\/president-osmani-commemorated-the-25th-anniversary-of-the-massacre-in-lagja-e-re-and-rakoc-of-kacanik\/","title":{"rendered":"President Osmani commemorated the 25th anniversary of the Massacre in Lagja e Re and Rakoc of Ka\u00e7anik"},"content":{"rendered":"<p>On 9 April 1999, in Lagja e Re and Rakoc of Ka\u00e7anik, 28 martyrs of the nation fell in defense of the civilian population from the barbarism of the genocidal regime of Serbia.<\/p>\n<p>The continuous siege and shelling of Ka\u00e7anik caused the deaths of 32 martyrs.<\/p>\n<p>Those who fell heroically and those who were martyred will be forever remembered, while justice will be our continuous aim to defend the truth.<\/p>\n<p>May the memory of all fallen for freedom be eternal!<\/p>\n","protected":false},"excerpt":{"rendered":"<p>On 9 April 1999, in Lagja e Re and Rakoc of Ka\u00e7anik, 28 martyrs of the nation fell in defense of the civilian population from the barbarism of the genocidal regime of Serbia. The continuous siege and shelling of Ka\u00e7anik caused the deaths of 32 martyrs. Those who fell heroically and those who were martyred will be forever remembered, while justice will be our continuous aim to defend the truth. May the memory of all fallen for freedom be eternal!<\/p>\n","protected":false},"author":9,"featured_media":103255,"comment_status":"open","ping_status":"closed","sticky":false,"template":"","format":"standard","meta":{"_eb_attr":"","footnotes":""},"categories":[111],"tags":[],"class_list":["post-103811","post","type-post","status-publish","format-standard","has-post-thumbnail","hentry","category-news"],"yoast_head":"<!-- This site is optimized with the Yoast SEO plugin v23.5 - https:\/\/yoast.com\/wordpress\/plugins\/seo\/ -->\n<title>President Osmani commemorated the 25th anniversary of the Massacre in Lagja e Re and Rakoc of Ka\u00e7anik - President of the Republic of Kosovo - DR. VJOSA OSMANI - SADRIU<\/title>\n<meta name=\"description\" content=\"President Osmani commemorated the 25th anniversary of the Massacre in Lagja e Re and Rakoc of Ka\u00e7anik - President of the Republic of Kosovo - DR. VJOSA OSMANI - SADRIU -\" \/>\n<meta name=\"robots\" content=\"index, follow, max-snippet:-1, max-image-preview:large, max-video-preview:-1\" \/>\n<link rel=\"canonical\" href=\"https:\/\/president-ksgov.net\/en\/president-osmani-commemorated-the-25th-anniversary-of-the-massacre-in-lagja-e-re-and-rakoc-of-kacanik\/\" \/>\n<meta property=\"og:locale\" content=\"en_US\" \/>\n<meta property=\"og:type\" content=\"article\" \/>\n<meta property=\"og:title\" content=\"President Osmani commemorated the 25th anniversary of the Massacre in Lagja e Re and Rakoc of Ka\u00e7anik - President of the Republic of Kosovo - DR. VJOSA OSMANI - SADRIU\" \/>\n<meta property=\"og:description\" content=\"President Osmani commemorated the 25th anniversary of the Massacre in Lagja e Re and Rakoc of Ka\u00e7anik - President of the Republic of Kosovo - DR. VJOSA OSMANI - SADRIU -\" \/>\n<meta property=\"og:url\" content=\"https:\/\/president-ksgov.net\/en\/president-osmani-commemorated-the-25th-anniversary-of-the-massacre-in-lagja-e-re-and-rakoc-of-kacanik\/\" \/>\n<meta property=\"og:site_name\" content=\"President of the Republic of Kosovo - DR. VJOSA OSMANI - SADRIU\" \/>\n<meta property=\"article:published_time\" content=\"2024-04-09T19:12:19+00:00\" \/>\n<meta property=\"article:modified_time\" content=\"2024-04-23T10:05:11+00:00\" \/>\n<meta property=\"og:image\" content=\"https:\/\/president-ksgov.net\/wp-content\/uploads\/1000006669.jpg\" \/>\n\t<meta property=\"og:image:width\" content=\"635\" \/>\n\t<meta property=\"og:image:height\" content=\"330\" \/>\n\t<meta property=\"og:image:type\" content=\"image\/jpeg\" \/>\n<meta name=\"author\" content=\"Florent Rrahmani\" \/>\n<meta name=\"twitter:card\" content=\"summary_large_image\" \/>\n<meta name=\"twitter:label1\" content=\"Written by\" \/>\n\t<meta name=\"twitter:data1\" content=\"Florent Rrahmani\" \/>\n\t<meta name=\"twitter:label2\" content=\"Est. reading time\" \/>\n\t<meta name=\"twitter:data2\" content=\"1 minute\" \/>\n<script type=\"application\/ld+json\" class=\"yoast-schema-graph\">{\"@context\":\"https:\/\/schema.org\",\"@graph\":[{\"@type\":\"WebPage\",\"@id\":\"https:\/\/president-ksgov.net\/en\/president-osmani-commemorated-the-25th-anniversary-of-the-massacre-in-lagja-e-re-and-rakoc-of-kacanik\/\",\"url\":\"https:\/\/president-ksgov.net\/en\/president-osmani-commemorated-the-25th-anniversary-of-the-massacre-in-lagja-e-re-and-rakoc-of-kacanik\/\",\"name\":\"President Osmani commemorated the 25th anniversary of the Massacre in Lagja e Re and Rakoc of Ka\u00e7anik - President of the Republic of Kosovo - DR. VJOSA OSMANI - SADRIU\",\"isPartOf\":{\"@id\":\"https:\/\/president-ksgov.net\/#website\"},\"primaryImageOfPage\":{\"@id\":\"https:\/\/president-ksgov.net\/en\/president-osmani-commemorated-the-25th-anniversary-of-the-massacre-in-lagja-e-re-and-rakoc-of-kacanik\/#primaryimage\"},\"image\":{\"@id\":\"https:\/\/president-ksgov.net\/en\/president-osmani-commemorated-the-25th-anniversary-of-the-massacre-in-lagja-e-re-and-rakoc-of-kacanik\/#primaryimage\"},\"thumbnailUrl\":\"https:\/\/president-ksgov.net\/wp-content\/uploads\/1000006669.jpg\",\"datePublished\":\"2024-04-09T19:12:19+00:00\",\"dateModified\":\"2024-04-23T10:05:11+00:00\",\"author\":{\"@id\":\"https:\/\/president-ksgov.net\/#\/schema\/person\/7c46f744a99d3f1616b92658282aa934\"},\"description\":\"President Osmani commemorated the 25th anniversary of the Massacre in Lagja e Re and Rakoc of Ka\u00e7anik - President of the Republic of Kosovo - DR. VJOSA OSMANI - SADRIU -\",\"breadcrumb\":{\"@id\":\"https:\/\/president-ksgov.net\/en\/president-osmani-commemorated-the-25th-anniversary-of-the-massacre-in-lagja-e-re-and-rakoc-of-kacanik\/#breadcrumb\"},\"inLanguage\":\"en-US\",\"potentialAction\":[{\"@type\":\"ReadAction\",\"target\":[\"https:\/\/president-ksgov.net\/en\/president-osmani-commemorated-the-25th-anniversary-of-the-massacre-in-lagja-e-re-and-rakoc-of-kacanik\/\"]}]},{\"@type\":\"ImageObject\",\"inLanguage\":\"en-US\",\"@id\":\"https:\/\/president-ksgov.net\/en\/president-osmani-commemorated-the-25th-anniversary-of-the-massacre-in-lagja-e-re-and-rakoc-of-kacanik\/#primaryimage\",\"url\":\"https:\/\/president-ksgov.net\/wp-content\/uploads\/1000006669.jpg\",\"contentUrl\":\"https:\/\/president-ksgov.net\/wp-content\/uploads\/1000006669.jpg\",\"width\":635,\"height\":330},{\"@type\":\"BreadcrumbList\",\"@id\":\"https:\/\/president-ksgov.net\/en\/president-osmani-commemorated-the-25th-anniversary-of-the-massacre-in-lagja-e-re-and-rakoc-of-kacanik\/#breadcrumb\",\"itemListElement\":[{\"@type\":\"ListItem\",\"position\":1,\"name\":\"Home\",\"item\":\"https:\/\/president-ksgov.net\/en\/\"},{\"@type\":\"ListItem\",\"position\":2,\"name\":\"President Osmani commemorated the 25th anniversary of the Massacre in Lagja e Re and Rakoc of Ka\u00e7anik\"}]},{\"@type\":\"WebSite\",\"@id\":\"https:\/\/president-ksgov.net\/#website\",\"url\":\"https:\/\/president-ksgov.net\/\",\"name\":\"Presidente e Republik\u00ebs s\u00eb Kosov\u00ebs\",\"description\":\"Presidente e Republik\u00ebs s\u00eb Kosov\u00ebs\",\"alternateName\":\"DR. VJOSA OSMANI - SADRIU\",\"potentialAction\":[{\"@type\":\"SearchAction\",\"target\":{\"@type\":\"EntryPoint\",\"urlTemplate\":\"https:\/\/president-ksgov.net\/?s={search_term_string}\"},\"query-input\":{\"@type\":\"PropertyValueSpecification\",\"valueRequired\":true,\"valueName\":\"search_term_string\"}}],\"inLanguage\":\"en-US\"},{\"@type\":\"Person\",\"@id\":\"https:\/\/president-ksgov.net\/#\/schema\/person\/7c46f744a99d3f1616b92658282aa934\",\"name\":\"Florent Rrahmani\",\"image\":{\"@type\":\"ImageObject\",\"inLanguage\":\"en-US\",\"@id\":\"https:\/\/president-ksgov.net\/#\/schema\/person\/image\/\",\"url\":\"https:\/\/secure.gravatar.com\/avatar\/2545924aa250de68ac8368367a79b663e59571cd131611f54c89b0613a94e230?s=96&d=mm&r=g\",\"contentUrl\":\"https:\/\/secure.gravatar.com\/avatar\/2545924aa250de68ac8368367a79b663e59571cd131611f54c89b0613a94e230?s=96&d=mm&r=g\",\"caption\":\"Florent Rrahmani\"}}]}<\/script>\n<!-- \/ Yoast SEO plugin. -->","yoast_head_json":{"title":"President Osmani commemorated the 25th anniversary of the Massacre in Lagja e Re and Rakoc of Ka\u00e7anik - President of the Republic of Kosovo - DR. VJOSA OSMANI - SADRIU","description":"President Osmani commemorated the 25th anniversary of the Massacre in Lagja e Re and Rakoc of Ka\u00e7anik - President of the Republic of Kosovo - DR. VJOSA OSMANI - SADRIU -","robots":{"index":"index","follow":"follow","max-snippet":"max-snippet:-1","max-image-preview":"max-image-preview:large","max-video-preview":"max-video-preview:-1"},"canonical":"https:\/\/president-ksgov.net\/en\/president-osmani-commemorated-the-25th-anniversary-of-the-massacre-in-lagja-e-re-and-rakoc-of-kacanik\/","og_locale":"en_US","og_type":"article","og_title":"President Osmani commemorated the 25th anniversary of the Massacre in Lagja e Re and Rakoc of Ka\u00e7anik - President of the Republic of Kosovo - DR. VJOSA OSMANI - SADRIU","og_description":"President Osmani commemorated the 25th anniversary of the Massacre in Lagja e Re and Rakoc of Ka\u00e7anik - President of the Republic of Kosovo - DR. VJOSA OSMANI - SADRIU -","og_url":"https:\/\/president-ksgov.net\/en\/president-osmani-commemorated-the-25th-anniversary-of-the-massacre-in-lagja-e-re-and-rakoc-of-kacanik\/","og_site_name":"President of the Republic of Kosovo - DR. VJOSA OSMANI - SADRIU","article_published_time":"2024-04-09T19:12:19+00:00","article_modified_time":"2024-04-23T10:05:11+00:00","og_image":[{"width":635,"height":330,"url":"https:\/\/president-ksgov.net\/wp-content\/uploads\/1000006669.jpg","type":"image\/jpeg"}],"author":"Florent Rrahmani","twitter_card":"summary_large_image","twitter_misc":{"Written by":"Florent Rrahmani","Est. reading time":"1 minute"},"schema":{"@context":"https:\/\/schema.org","@graph":[{"@type":"WebPage","@id":"https:\/\/president-ksgov.net\/en\/president-osmani-commemorated-the-25th-anniversary-of-the-massacre-in-lagja-e-re-and-rakoc-of-kacanik\/","url":"https:\/\/president-ksgov.net\/en\/president-osmani-commemorated-the-25th-anniversary-of-the-massacre-in-lagja-e-re-and-rakoc-of-kacanik\/","name":"President Osmani commemorated the 25th anniversary of the Massacre in Lagja e Re and Rakoc of Ka\u00e7anik - President of the Republic of Kosovo - DR. VJOSA OSMANI - SADRIU","isPartOf":{"@id":"https:\/\/president-ksgov.net\/#website"},"primaryImageOfPage":{"@id":"https:\/\/president-ksgov.net\/en\/president-osmani-commemorated-the-25th-anniversary-of-the-massacre-in-lagja-e-re-and-rakoc-of-kacanik\/#primaryimage"},"image":{"@id":"https:\/\/president-ksgov.net\/en\/president-osmani-commemorated-the-25th-anniversary-of-the-massacre-in-lagja-e-re-and-rakoc-of-kacanik\/#primaryimage"},"thumbnailUrl":"https:\/\/president-ksgov.net\/wp-content\/uploads\/1000006669.jpg","datePublished":"2024-04-09T19:12:19+00:00","dateModified":"2024-04-23T10:05:11+00:00","author":{"@id":"https:\/\/president-ksgov.net\/#\/schema\/person\/7c46f744a99d3f1616b92658282aa934"},"description":"President Osmani commemorated the 25th anniversary of the Massacre in Lagja e Re and Rakoc of Ka\u00e7anik - President of the Republic of Kosovo - DR. VJOSA OSMANI - SADRIU -","breadcrumb":{"@id":"https:\/\/president-ksgov.net\/en\/president-osmani-commemorated-the-25th-anniversary-of-the-massacre-in-lagja-e-re-and-rakoc-of-kacanik\/#breadcrumb"},"inLanguage":"en-US","potentialAction":[{"@type":"ReadAction","target":["https:\/\/president-ksgov.net\/en\/president-osmani-commemorated-the-25th-anniversary-of-the-massacre-in-lagja-e-re-and-rakoc-of-kacanik\/"]}]},{"@type":"ImageObject","inLanguage":"en-US","@id":"https:\/\/president-ksgov.net\/en\/president-osmani-commemorated-the-25th-anniversary-of-the-massacre-in-lagja-e-re-and-rakoc-of-kacanik\/#primaryimage","url":"https:\/\/president-ksgov.net\/wp-content\/uploads\/1000006669.jpg","contentUrl":"https:\/\/president-ksgov.net\/wp-content\/uploads\/1000006669.jpg","width":635,"height":330},{"@type":"BreadcrumbList","@id":"https:\/\/president-ksgov.net\/en\/president-osmani-commemorated-the-25th-anniversary-of-the-massacre-in-lagja-e-re-and-rakoc-of-kacanik\/#breadcrumb","itemListElement":[{"@type":"ListItem","position":1,"name":"Home","item":"https:\/\/president-ksgov.net\/en\/"},{"@type":"ListItem","position":2,"name":"President Osmani commemorated the 25th anniversary of the Massacre in Lagja e Re and Rakoc of Ka\u00e7anik"}]},{"@type":"WebSite","@id":"https:\/\/president-ksgov.net\/#website","url":"https:\/\/president-ksgov.net\/","name":"Presidente e Republik\u00ebs s\u00eb Kosov\u00ebs","description":"Presidente e Republik\u00ebs s\u00eb Kosov\u00ebs","alternateName":"DR. VJOSA OSMANI - SADRIU","potentialAction":[{"@type":"SearchAction","target":{"@type":"EntryPoint","urlTemplate":"https:\/\/president-ksgov.net\/?s={search_term_string}"},"query-input":{"@type":"PropertyValueSpecification","valueRequired":true,"valueName":"search_term_string"}}],"inLanguage":"en-US"},{"@type":"Person","@id":"https:\/\/president-ksgov.net\/#\/schema\/person\/7c46f744a99d3f1616b92658282aa934","name":"Florent Rrahmani","image":{"@type":"ImageObject","inLanguage":"en-US","@id":"https:\/\/president-ksgov.net\/#\/schema\/person\/image\/","url":"https:\/\/secure.gravatar.com\/avatar\/2545924aa250de68ac8368367a79b663e59571cd131611f54c89b0613a94e230?s=96&d=mm&r=g","contentUrl":"https:\/\/secure.gravatar.com\/avatar\/2545924aa250de68ac8368367a79b663e59571cd131611f54c89b0613a94e230?s=96&d=mm&r=g","caption":"Florent Rrahmani"}}]}},"_links":{"self":[{"href":"https:\/\/president-ksgov.net\/en\/wp-json\/wp\/v2\/posts\/103811","targetHints":{"allow":["GET"]}}],"collection":[{"href":"https:\/\/president-ksgov.net\/en\/wp-json\/wp\/v2\/posts"}],"about":[{"href":"https:\/\/president-ksgov.net\/en\/wp-json\/wp\/v2\/types\/post"}],"author":[{"embeddable":true,"href":"https:\/\/president-ksgov.net\/en\/wp-json\/wp\/v2\/users\/9"}],"replies":[{"embeddable":true,"href":"https:\/\/president-ksgov.net\/en\/wp-json\/wp\/v2\/comments?post=103811"}],"version-history":[{"count":1,"href":"https:\/\/president-ksgov.net\/en\/wp-json\/wp\/v2\/posts\/103811\/revisions"}],"predecessor-version":[{"id":103812,"href":"https:\/\/president-ksgov.net\/en\/wp-json\/wp\/v2\/posts\/103811\/revisions\/103812"}],"wp:featuredmedia":[{"embeddable":true,"href":"https:\/\/president-ksgov.net\/en\/wp-json\/wp\/v2\/media\/103255"}],"wp:attachment":[{"href":"https:\/\/president-ksgov.net\/en\/wp-json\/wp\/v2\/media?parent=103811"}],"wp:term":[{"taxonomy":"category","embeddable":true,"href":"https:\/\/president-ksgov.net\/en\/wp-json\/wp\/v2\/categories?post=103811"},{"taxonomy":"post_tag","embeddable":true,"href":"https:\/\/president-ksgov.net\/en\/wp-json\/wp\/v2\/tags?post=103811"}],"curies":[{"name":"wp","href":"https:\/\/api.w.org\/{rel}","templated":true}]}}