{"id":103712,"date":"2024-04-18T18:38:41","date_gmt":"2024-04-18T16:38:41","guid":{"rendered":"https:\/\/president-ksgov.net\/?p=103712"},"modified":"2024-04-22T10:30:15","modified_gmt":"2024-04-22T08:30:15","slug":"president-vjosa-osmani-commemorates-the-25th-anniversary-of-the-massacre-in-dyz-in-podujeve","status":"publish","type":"post","link":"https:\/\/president-ksgov.net\/en\/president-vjosa-osmani-commemorates-the-25th-anniversary-of-the-massacre-in-dyz-in-podujeve\/","title":{"rendered":"President Vjosa Osmani commemorates the 25th anniversary of the Massacre in Dyz in Podujev\u00eb"},"content":{"rendered":"<p>On April 18, 1999, the largest massacre in the Llap region took place in the village of Dyz in Podujev\u00eb.<\/p>\n<p>25 years ago, the forces of the Serbian genocidal regime committed one of the most macabre crimes, in the village of Dyz in Podujev\u00eb, where they cruelly tortured and executed 70 men, women and children.<\/p>\n<p>Humbly remembering and honoring all the victims of the Dyz massacre and all the victims executed by the Serbian genocidal regime, we will never stop seeking justice, because crimes never age and criminals must definitely receive the punishment they deserve.<\/p>\n<p>May the memory and honor be eternal for all those who fell for freedom!<\/p>\n<p>&nbsp;<\/p>\n","protected":false},"excerpt":{"rendered":"<p>On April 18, 1999, the largest massacre in the Llap region took place in the village of Dyz in Podujev\u00eb. 25 years ago, the forces of the Serbian genocidal regime committed one of the most macabre crimes, in the village of Dyz in Podujev\u00eb, where they cruelly tortured and executed 70 men, women and children. Humbly remembering and honoring all the victims of the Dyz massacre and all the victims executed by the Serbian genocidal regime, we will never stop seeking justice, because crimes never age and criminals must definitely receive the punishment they deserve. May the memory and honor be eternal for all those who fell for freedom! &nbsp;<\/p>\n","protected":false},"author":11,"featured_media":103548,"comment_status":"open","ping_status":"closed","sticky":false,"template":"","format":"standard","meta":{"_eb_attr":"","footnotes":""},"categories":[111],"tags":[],"class_list":["post-103712","post","type-post","status-publish","format-standard","has-post-thumbnail","hentry","category-news"],"yoast_head":"<!-- This site is optimized with the Yoast SEO plugin v23.5 - https:\/\/yoast.com\/wordpress\/plugins\/seo\/ -->\n<title>President Vjosa Osmani commemorates the 25th anniversary of the Massacre in Dyz in Podujev\u00eb - President of the Republic of Kosovo - DR. VJOSA OSMANI - SADRIU<\/title>\n<meta name=\"description\" content=\"President Vjosa Osmani commemorates the 25th anniversary of the Massacre in Dyz in Podujev\u00eb - President of the Republic of Kosovo - DR. VJOSA OSMANI - SADRIU -\" \/>\n<meta name=\"robots\" content=\"index, follow, max-snippet:-1, max-image-preview:large, max-video-preview:-1\" \/>\n<link rel=\"canonical\" href=\"https:\/\/president-ksgov.net\/en\/president-vjosa-osmani-commemorates-the-25th-anniversary-of-the-massacre-in-dyz-in-podujeve\/\" \/>\n<meta property=\"og:locale\" content=\"en_US\" \/>\n<meta property=\"og:type\" content=\"article\" \/>\n<meta property=\"og:title\" content=\"President Vjosa Osmani commemorates the 25th anniversary of the Massacre in Dyz in Podujev\u00eb - President of the Republic of Kosovo - DR. VJOSA OSMANI - SADRIU\" \/>\n<meta property=\"og:description\" content=\"President Vjosa Osmani commemorates the 25th anniversary of the Massacre in Dyz in Podujev\u00eb - President of the Republic of Kosovo - DR. VJOSA OSMANI - SADRIU -\" \/>\n<meta property=\"og:url\" content=\"https:\/\/president-ksgov.net\/en\/president-vjosa-osmani-commemorates-the-25th-anniversary-of-the-massacre-in-dyz-in-podujeve\/\" \/>\n<meta property=\"og:site_name\" content=\"President of the Republic of Kosovo - DR. VJOSA OSMANI - SADRIU\" \/>\n<meta property=\"article:published_time\" content=\"2024-04-18T16:38:41+00:00\" \/>\n<meta property=\"article:modified_time\" content=\"2024-04-22T08:30:15+00:00\" \/>\n<meta property=\"og:image\" content=\"https:\/\/president-ksgov.net\/wp-content\/uploads\/1000007229.jpg\" \/>\n\t<meta property=\"og:image:width\" content=\"2000\" \/>\n\t<meta property=\"og:image:height\" content=\"1000\" \/>\n\t<meta property=\"og:image:type\" content=\"image\/jpeg\" \/>\n<meta name=\"author\" content=\"presidentlogin\" \/>\n<meta name=\"twitter:card\" content=\"summary_large_image\" \/>\n<meta name=\"twitter:label1\" content=\"Written by\" \/>\n\t<meta name=\"twitter:data1\" content=\"presidentlogin\" \/>\n\t<meta name=\"twitter:label2\" content=\"Est. reading time\" \/>\n\t<meta name=\"twitter:data2\" content=\"1 minute\" \/>\n<script type=\"application\/ld+json\" class=\"yoast-schema-graph\">{\"@context\":\"https:\/\/schema.org\",\"@graph\":[{\"@type\":\"WebPage\",\"@id\":\"https:\/\/president-ksgov.net\/en\/president-vjosa-osmani-commemorates-the-25th-anniversary-of-the-massacre-in-dyz-in-podujeve\/\",\"url\":\"https:\/\/president-ksgov.net\/en\/president-vjosa-osmani-commemorates-the-25th-anniversary-of-the-massacre-in-dyz-in-podujeve\/\",\"name\":\"President Vjosa Osmani commemorates the 25th anniversary of the Massacre in Dyz in Podujev\u00eb - President of the Republic of Kosovo - DR. VJOSA OSMANI - SADRIU\",\"isPartOf\":{\"@id\":\"https:\/\/president-ksgov.net\/#website\"},\"primaryImageOfPage\":{\"@id\":\"https:\/\/president-ksgov.net\/en\/president-vjosa-osmani-commemorates-the-25th-anniversary-of-the-massacre-in-dyz-in-podujeve\/#primaryimage\"},\"image\":{\"@id\":\"https:\/\/president-ksgov.net\/en\/president-vjosa-osmani-commemorates-the-25th-anniversary-of-the-massacre-in-dyz-in-podujeve\/#primaryimage\"},\"thumbnailUrl\":\"https:\/\/president-ksgov.net\/wp-content\/uploads\/1000007229.jpg\",\"datePublished\":\"2024-04-18T16:38:41+00:00\",\"dateModified\":\"2024-04-22T08:30:15+00:00\",\"author\":{\"@id\":\"https:\/\/president-ksgov.net\/#\/schema\/person\/1a2c014cffc81ec60d5a452a36d08d92\"},\"description\":\"President Vjosa Osmani commemorates the 25th anniversary of the Massacre in Dyz in Podujev\u00eb - President of the Republic of Kosovo - DR. VJOSA OSMANI - SADRIU -\",\"breadcrumb\":{\"@id\":\"https:\/\/president-ksgov.net\/en\/president-vjosa-osmani-commemorates-the-25th-anniversary-of-the-massacre-in-dyz-in-podujeve\/#breadcrumb\"},\"inLanguage\":\"en-US\",\"potentialAction\":[{\"@type\":\"ReadAction\",\"target\":[\"https:\/\/president-ksgov.net\/en\/president-vjosa-osmani-commemorates-the-25th-anniversary-of-the-massacre-in-dyz-in-podujeve\/\"]}]},{\"@type\":\"ImageObject\",\"inLanguage\":\"en-US\",\"@id\":\"https:\/\/president-ksgov.net\/en\/president-vjosa-osmani-commemorates-the-25th-anniversary-of-the-massacre-in-dyz-in-podujeve\/#primaryimage\",\"url\":\"https:\/\/president-ksgov.net\/wp-content\/uploads\/1000007229.jpg\",\"contentUrl\":\"https:\/\/president-ksgov.net\/wp-content\/uploads\/1000007229.jpg\",\"width\":2000,\"height\":1000},{\"@type\":\"BreadcrumbList\",\"@id\":\"https:\/\/president-ksgov.net\/en\/president-vjosa-osmani-commemorates-the-25th-anniversary-of-the-massacre-in-dyz-in-podujeve\/#breadcrumb\",\"itemListElement\":[{\"@type\":\"ListItem\",\"position\":1,\"name\":\"Home\",\"item\":\"https:\/\/president-ksgov.net\/en\/\"},{\"@type\":\"ListItem\",\"position\":2,\"name\":\"President Vjosa Osmani commemorates the 25th anniversary of the Massacre in Dyz in Podujev\u00eb\"}]},{\"@type\":\"WebSite\",\"@id\":\"https:\/\/president-ksgov.net\/#website\",\"url\":\"https:\/\/president-ksgov.net\/\",\"name\":\"Presidente e Republik\u00ebs s\u00eb Kosov\u00ebs\",\"description\":\"Presidente e Republik\u00ebs s\u00eb Kosov\u00ebs\",\"alternateName\":\"DR. VJOSA OSMANI - SADRIU\",\"potentialAction\":[{\"@type\":\"SearchAction\",\"target\":{\"@type\":\"EntryPoint\",\"urlTemplate\":\"https:\/\/president-ksgov.net\/?s={search_term_string}\"},\"query-input\":{\"@type\":\"PropertyValueSpecification\",\"valueRequired\":true,\"valueName\":\"search_term_string\"}}],\"inLanguage\":\"en-US\"},{\"@type\":\"Person\",\"@id\":\"https:\/\/president-ksgov.net\/#\/schema\/person\/1a2c014cffc81ec60d5a452a36d08d92\",\"name\":\"presidentlogin\",\"image\":{\"@type\":\"ImageObject\",\"inLanguage\":\"en-US\",\"@id\":\"https:\/\/president-ksgov.net\/#\/schema\/person\/image\/\",\"url\":\"https:\/\/secure.gravatar.com\/avatar\/339f00ab0a8a0d5ce1ecff10aa2b4a1f51f58bbd5a57793f8cd6ad624080d807?s=96&d=mm&r=g\",\"contentUrl\":\"https:\/\/secure.gravatar.com\/avatar\/339f00ab0a8a0d5ce1ecff10aa2b4a1f51f58bbd5a57793f8cd6ad624080d807?s=96&d=mm&r=g\",\"caption\":\"presidentlogin\"}}]}<\/script>\n<!-- \/ Yoast SEO plugin. -->","yoast_head_json":{"title":"President Vjosa Osmani commemorates the 25th anniversary of the Massacre in Dyz in Podujev\u00eb - President of the Republic of Kosovo - DR. VJOSA OSMANI - SADRIU","description":"President Vjosa Osmani commemorates the 25th anniversary of the Massacre in Dyz in Podujev\u00eb - President of the Republic of Kosovo - DR. VJOSA OSMANI - SADRIU -","robots":{"index":"index","follow":"follow","max-snippet":"max-snippet:-1","max-image-preview":"max-image-preview:large","max-video-preview":"max-video-preview:-1"},"canonical":"https:\/\/president-ksgov.net\/en\/president-vjosa-osmani-commemorates-the-25th-anniversary-of-the-massacre-in-dyz-in-podujeve\/","og_locale":"en_US","og_type":"article","og_title":"President Vjosa Osmani commemorates the 25th anniversary of the Massacre in Dyz in Podujev\u00eb - President of the Republic of Kosovo - DR. VJOSA OSMANI - SADRIU","og_description":"President Vjosa Osmani commemorates the 25th anniversary of the Massacre in Dyz in Podujev\u00eb - President of the Republic of Kosovo - DR. VJOSA OSMANI - SADRIU -","og_url":"https:\/\/president-ksgov.net\/en\/president-vjosa-osmani-commemorates-the-25th-anniversary-of-the-massacre-in-dyz-in-podujeve\/","og_site_name":"President of the Republic of Kosovo - DR. VJOSA OSMANI - SADRIU","article_published_time":"2024-04-18T16:38:41+00:00","article_modified_time":"2024-04-22T08:30:15+00:00","og_image":[{"width":2000,"height":1000,"url":"https:\/\/president-ksgov.net\/wp-content\/uploads\/1000007229.jpg","type":"image\/jpeg"}],"author":"presidentlogin","twitter_card":"summary_large_image","twitter_misc":{"Written by":"presidentlogin","Est. reading time":"1 minute"},"schema":{"@context":"https:\/\/schema.org","@graph":[{"@type":"WebPage","@id":"https:\/\/president-ksgov.net\/en\/president-vjosa-osmani-commemorates-the-25th-anniversary-of-the-massacre-in-dyz-in-podujeve\/","url":"https:\/\/president-ksgov.net\/en\/president-vjosa-osmani-commemorates-the-25th-anniversary-of-the-massacre-in-dyz-in-podujeve\/","name":"President Vjosa Osmani commemorates the 25th anniversary of the Massacre in Dyz in Podujev\u00eb - President of the Republic of Kosovo - DR. VJOSA OSMANI - SADRIU","isPartOf":{"@id":"https:\/\/president-ksgov.net\/#website"},"primaryImageOfPage":{"@id":"https:\/\/president-ksgov.net\/en\/president-vjosa-osmani-commemorates-the-25th-anniversary-of-the-massacre-in-dyz-in-podujeve\/#primaryimage"},"image":{"@id":"https:\/\/president-ksgov.net\/en\/president-vjosa-osmani-commemorates-the-25th-anniversary-of-the-massacre-in-dyz-in-podujeve\/#primaryimage"},"thumbnailUrl":"https:\/\/president-ksgov.net\/wp-content\/uploads\/1000007229.jpg","datePublished":"2024-04-18T16:38:41+00:00","dateModified":"2024-04-22T08:30:15+00:00","author":{"@id":"https:\/\/president-ksgov.net\/#\/schema\/person\/1a2c014cffc81ec60d5a452a36d08d92"},"description":"President Vjosa Osmani commemorates the 25th anniversary of the Massacre in Dyz in Podujev\u00eb - President of the Republic of Kosovo - DR. VJOSA OSMANI - SADRIU -","breadcrumb":{"@id":"https:\/\/president-ksgov.net\/en\/president-vjosa-osmani-commemorates-the-25th-anniversary-of-the-massacre-in-dyz-in-podujeve\/#breadcrumb"},"inLanguage":"en-US","potentialAction":[{"@type":"ReadAction","target":["https:\/\/president-ksgov.net\/en\/president-vjosa-osmani-commemorates-the-25th-anniversary-of-the-massacre-in-dyz-in-podujeve\/"]}]},{"@type":"ImageObject","inLanguage":"en-US","@id":"https:\/\/president-ksgov.net\/en\/president-vjosa-osmani-commemorates-the-25th-anniversary-of-the-massacre-in-dyz-in-podujeve\/#primaryimage","url":"https:\/\/president-ksgov.net\/wp-content\/uploads\/1000007229.jpg","contentUrl":"https:\/\/president-ksgov.net\/wp-content\/uploads\/1000007229.jpg","width":2000,"height":1000},{"@type":"BreadcrumbList","@id":"https:\/\/president-ksgov.net\/en\/president-vjosa-osmani-commemorates-the-25th-anniversary-of-the-massacre-in-dyz-in-podujeve\/#breadcrumb","itemListElement":[{"@type":"ListItem","position":1,"name":"Home","item":"https:\/\/president-ksgov.net\/en\/"},{"@type":"ListItem","position":2,"name":"President Vjosa Osmani commemorates the 25th anniversary of the Massacre in Dyz in Podujev\u00eb"}]},{"@type":"WebSite","@id":"https:\/\/president-ksgov.net\/#website","url":"https:\/\/president-ksgov.net\/","name":"Presidente e Republik\u00ebs s\u00eb Kosov\u00ebs","description":"Presidente e Republik\u00ebs s\u00eb Kosov\u00ebs","alternateName":"DR. VJOSA OSMANI - SADRIU","potentialAction":[{"@type":"SearchAction","target":{"@type":"EntryPoint","urlTemplate":"https:\/\/president-ksgov.net\/?s={search_term_string}"},"query-input":{"@type":"PropertyValueSpecification","valueRequired":true,"valueName":"search_term_string"}}],"inLanguage":"en-US"},{"@type":"Person","@id":"https:\/\/president-ksgov.net\/#\/schema\/person\/1a2c014cffc81ec60d5a452a36d08d92","name":"presidentlogin","image":{"@type":"ImageObject","inLanguage":"en-US","@id":"https:\/\/president-ksgov.net\/#\/schema\/person\/image\/","url":"https:\/\/secure.gravatar.com\/avatar\/339f00ab0a8a0d5ce1ecff10aa2b4a1f51f58bbd5a57793f8cd6ad624080d807?s=96&d=mm&r=g","contentUrl":"https:\/\/secure.gravatar.com\/avatar\/339f00ab0a8a0d5ce1ecff10aa2b4a1f51f58bbd5a57793f8cd6ad624080d807?s=96&d=mm&r=g","caption":"presidentlogin"}}]}},"_links":{"self":[{"href":"https:\/\/president-ksgov.net\/en\/wp-json\/wp\/v2\/posts\/103712","targetHints":{"allow":["GET"]}}],"collection":[{"href":"https:\/\/president-ksgov.net\/en\/wp-json\/wp\/v2\/posts"}],"about":[{"href":"https:\/\/president-ksgov.net\/en\/wp-json\/wp\/v2\/types\/post"}],"author":[{"embeddable":true,"href":"https:\/\/president-ksgov.net\/en\/wp-json\/wp\/v2\/users\/11"}],"replies":[{"embeddable":true,"href":"https:\/\/president-ksgov.net\/en\/wp-json\/wp\/v2\/comments?post=103712"}],"version-history":[{"count":1,"href":"https:\/\/president-ksgov.net\/en\/wp-json\/wp\/v2\/posts\/103712\/revisions"}],"predecessor-version":[{"id":103713,"href":"https:\/\/president-ksgov.net\/en\/wp-json\/wp\/v2\/posts\/103712\/revisions\/103713"}],"wp:featuredmedia":[{"embeddable":true,"href":"https:\/\/president-ksgov.net\/en\/wp-json\/wp\/v2\/media\/103548"}],"wp:attachment":[{"href":"https:\/\/president-ksgov.net\/en\/wp-json\/wp\/v2\/media?parent=103712"}],"wp:term":[{"taxonomy":"category","embeddable":true,"href":"https:\/\/president-ksgov.net\/en\/wp-json\/wp\/v2\/categories?post=103712"},{"taxonomy":"post_tag","embeddable":true,"href":"https:\/\/president-ksgov.net\/en\/wp-json\/wp\/v2\/tags?post=103712"}],"curies":[{"name":"wp","href":"https:\/\/api.w.org\/{rel}","templated":true}]}}