{"id":103695,"date":"2024-04-18T13:25:58","date_gmt":"2024-04-18T11:25:58","guid":{"rendered":"https:\/\/president-ksgov.net\/?p=103695"},"modified":"2024-04-22T09:57:54","modified_gmt":"2024-04-22T07:57:54","slug":"president-vjosa-osmani-awarded-the-europe-prize-by-the-pan-european-foundation","status":"publish","type":"post","link":"https:\/\/president-ksgov.net\/en\/president-vjosa-osmani-awarded-the-europe-prize-by-the-pan-european-foundation\/","title":{"rendered":"President Vjosa Osmani awarded the Europe Prize by the Pan-European Foundation\u00a0"},"content":{"rendered":"<p>The President of the Republic of Kosovo, Vjosa Osmani, was awarded the European Prize by the Richard Coudenhove-Kalergi Pan-European Foundation for her commitment to relations with Euro-Atlantic partners, as well as her dedication to the pro-European orientation, democracy, and the rule of law.<\/p>\n<p>In the announcement published by the Foundation, President Osmani has been praised for her clear European political stance and orientation, which she defends with dedication, despite the delicate security situation in the region and the ongoing threat from Serbia.<\/p>\n<p>Furthermore, in the announcement released by the Pan-European Foundation, President Osmani has been recognized for her work and dedication to democracy and the rule of law, as well as for Kosovo\u2019s integration into the European Union.<\/p>\n<p>Furthermore, in the announcement, the President is appreciated for her political stance followed with full conviction regarding the importance of transatlantic relations, which in her commitment supports the philosophy of the architect of Kosovo\u2019s independence, President Dr. Ibrahim Rugova, who was awarded the same prize 20 years ago.<\/p>\n<p>The laureates of this award include various global personalities, including former Chancellor Angela Merkel, former President Ronald Reagan, and the historic President of Kosovo Dr. Ibrahim Rugova.<\/p>\n<p>The announcement from the Foundation on the prize award is enclosed below.<\/p>\n<p><a href=\"https:\/\/www.ots.at\/presseaussendung\/OTS_20240418_OTS0034\/europapreis-coudenhove-kalergi-2024\"><u>https:\/\/www.ots.at\/presseaussendung\/OTS_20240418_OTS0034\/europapreis-coudenhove-kalergi-2024<\/u><\/a><\/p>\n<p>&nbsp;<\/p>\n","protected":false},"excerpt":{"rendered":"<p>The President of the Republic of Kosovo, Vjosa Osmani, was awarded the European Prize by the Richard Coudenhove-Kalergi Pan-European Foundation for her commitment to relations with Euro-Atlantic partners, as well as her dedication to the pro-European orientation, democracy, and the rule of law. In the announcement published by the Foundation, President Osmani has been praised for her clear European political stance and orientation, which she defends with dedication, despite the delicate security situation in the region and the ongoing threat from Serbia. Furthermore, in the announcement released by the Pan-European Foundation, President Osmani has been recognized for her work and dedication to democracy and the rule of law, as well as for Kosovo\u2019s integration into the European Union. Furthermore, in the announcement, the President is appreciated for her political stance followed with full conviction regarding the importance of transatlantic relations, which in her commitment supports the philosophy of the architect of Kosovo\u2019s independence, President Dr. Ibrahim Rugova, who was awarded the same prize 20 years ago. The laureates of this award include various global personalities, including former Chancellor Angela Merkel, former President Ronald Reagan, and the historic President of Kosovo Dr. Ibrahim Rugova. The announcement from the Foundation on the prize award is enclosed below. https:\/\/www.ots.at\/presseaussendung\/OTS_20240418_OTS0034\/europapreis-coudenhove-kalergi-2024 &nbsp;<\/p>\n","protected":false},"author":11,"featured_media":103583,"comment_status":"open","ping_status":"closed","sticky":false,"template":"","format":"standard","meta":{"_eb_attr":"","footnotes":""},"categories":[111],"tags":[],"class_list":["post-103695","post","type-post","status-publish","format-standard","has-post-thumbnail","hentry","category-news"],"yoast_head":"<!-- This site is optimized with the Yoast SEO plugin v23.5 - https:\/\/yoast.com\/wordpress\/plugins\/seo\/ -->\n<title>President Vjosa Osmani awarded the Europe Prize by the Pan-European Foundation\u00a0 - President of the Republic of Kosovo - DR. VJOSA OSMANI - SADRIU<\/title>\n<meta name=\"description\" content=\"President Vjosa Osmani awarded the Europe Prize by the Pan-European Foundation\u00a0 - President of the Republic of Kosovo - DR. VJOSA OSMANI - SADRIU -\" \/>\n<meta name=\"robots\" content=\"index, follow, max-snippet:-1, max-image-preview:large, max-video-preview:-1\" \/>\n<link rel=\"canonical\" href=\"https:\/\/president-ksgov.net\/en\/president-vjosa-osmani-awarded-the-europe-prize-by-the-pan-european-foundation\/\" \/>\n<meta property=\"og:locale\" content=\"en_US\" \/>\n<meta property=\"og:type\" content=\"article\" \/>\n<meta property=\"og:title\" content=\"President Vjosa Osmani awarded the Europe Prize by the Pan-European Foundation\u00a0 - President of the Republic of Kosovo - DR. VJOSA OSMANI - SADRIU\" \/>\n<meta property=\"og:description\" content=\"President Vjosa Osmani awarded the Europe Prize by the Pan-European Foundation\u00a0 - President of the Republic of Kosovo - DR. VJOSA OSMANI - SADRIU -\" \/>\n<meta property=\"og:url\" content=\"https:\/\/president-ksgov.net\/en\/president-vjosa-osmani-awarded-the-europe-prize-by-the-pan-european-foundation\/\" \/>\n<meta property=\"og:site_name\" content=\"President of the Republic of Kosovo - DR. VJOSA OSMANI - SADRIU\" \/>\n<meta property=\"article:published_time\" content=\"2024-04-18T11:25:58+00:00\" \/>\n<meta property=\"article:modified_time\" content=\"2024-04-22T07:57:54+00:00\" \/>\n<meta property=\"og:image\" content=\"https:\/\/president-ksgov.net\/wp-content\/uploads\/image_123650291-2.jpg\" \/>\n\t<meta property=\"og:image:width\" content=\"2048\" \/>\n\t<meta property=\"og:image:height\" content=\"1365\" \/>\n\t<meta property=\"og:image:type\" content=\"image\/jpeg\" \/>\n<meta name=\"author\" content=\"presidentlogin\" \/>\n<meta name=\"twitter:card\" content=\"summary_large_image\" \/>\n<meta name=\"twitter:label1\" content=\"Written by\" \/>\n\t<meta name=\"twitter:data1\" content=\"presidentlogin\" \/>\n\t<meta name=\"twitter:label2\" content=\"Est. reading time\" \/>\n\t<meta name=\"twitter:data2\" content=\"2 minutes\" \/>\n<script type=\"application\/ld+json\" class=\"yoast-schema-graph\">{\"@context\":\"https:\/\/schema.org\",\"@graph\":[{\"@type\":\"WebPage\",\"@id\":\"https:\/\/president-ksgov.net\/en\/president-vjosa-osmani-awarded-the-europe-prize-by-the-pan-european-foundation\/\",\"url\":\"https:\/\/president-ksgov.net\/en\/president-vjosa-osmani-awarded-the-europe-prize-by-the-pan-european-foundation\/\",\"name\":\"President Vjosa Osmani awarded the Europe Prize by the Pan-European Foundation\u00a0 - President of the Republic of Kosovo - DR. VJOSA OSMANI - SADRIU\",\"isPartOf\":{\"@id\":\"https:\/\/president-ksgov.net\/#website\"},\"primaryImageOfPage\":{\"@id\":\"https:\/\/president-ksgov.net\/en\/president-vjosa-osmani-awarded-the-europe-prize-by-the-pan-european-foundation\/#primaryimage\"},\"image\":{\"@id\":\"https:\/\/president-ksgov.net\/en\/president-vjosa-osmani-awarded-the-europe-prize-by-the-pan-european-foundation\/#primaryimage\"},\"thumbnailUrl\":\"https:\/\/president-ksgov.net\/wp-content\/uploads\/image_123650291-2.jpg\",\"datePublished\":\"2024-04-18T11:25:58+00:00\",\"dateModified\":\"2024-04-22T07:57:54+00:00\",\"author\":{\"@id\":\"https:\/\/president-ksgov.net\/#\/schema\/person\/1a2c014cffc81ec60d5a452a36d08d92\"},\"description\":\"President Vjosa Osmani awarded the Europe Prize by the Pan-European Foundation\u00a0 - President of the Republic of Kosovo - DR. VJOSA OSMANI - SADRIU -\",\"breadcrumb\":{\"@id\":\"https:\/\/president-ksgov.net\/en\/president-vjosa-osmani-awarded-the-europe-prize-by-the-pan-european-foundation\/#breadcrumb\"},\"inLanguage\":\"en-US\",\"potentialAction\":[{\"@type\":\"ReadAction\",\"target\":[\"https:\/\/president-ksgov.net\/en\/president-vjosa-osmani-awarded-the-europe-prize-by-the-pan-european-foundation\/\"]}]},{\"@type\":\"ImageObject\",\"inLanguage\":\"en-US\",\"@id\":\"https:\/\/president-ksgov.net\/en\/president-vjosa-osmani-awarded-the-europe-prize-by-the-pan-european-foundation\/#primaryimage\",\"url\":\"https:\/\/president-ksgov.net\/wp-content\/uploads\/image_123650291-2.jpg\",\"contentUrl\":\"https:\/\/president-ksgov.net\/wp-content\/uploads\/image_123650291-2.jpg\",\"width\":2048,\"height\":1365},{\"@type\":\"BreadcrumbList\",\"@id\":\"https:\/\/president-ksgov.net\/en\/president-vjosa-osmani-awarded-the-europe-prize-by-the-pan-european-foundation\/#breadcrumb\",\"itemListElement\":[{\"@type\":\"ListItem\",\"position\":1,\"name\":\"Home\",\"item\":\"https:\/\/president-ksgov.net\/en\/\"},{\"@type\":\"ListItem\",\"position\":2,\"name\":\"President Vjosa Osmani awarded the Europe Prize by the Pan-European Foundation\u00a0\"}]},{\"@type\":\"WebSite\",\"@id\":\"https:\/\/president-ksgov.net\/#website\",\"url\":\"https:\/\/president-ksgov.net\/\",\"name\":\"Presidente e Republik\u00ebs s\u00eb Kosov\u00ebs\",\"description\":\"Presidente e Republik\u00ebs s\u00eb Kosov\u00ebs\",\"alternateName\":\"DR. VJOSA OSMANI - SADRIU\",\"potentialAction\":[{\"@type\":\"SearchAction\",\"target\":{\"@type\":\"EntryPoint\",\"urlTemplate\":\"https:\/\/president-ksgov.net\/?s={search_term_string}\"},\"query-input\":{\"@type\":\"PropertyValueSpecification\",\"valueRequired\":true,\"valueName\":\"search_term_string\"}}],\"inLanguage\":\"en-US\"},{\"@type\":\"Person\",\"@id\":\"https:\/\/president-ksgov.net\/#\/schema\/person\/1a2c014cffc81ec60d5a452a36d08d92\",\"name\":\"presidentlogin\",\"image\":{\"@type\":\"ImageObject\",\"inLanguage\":\"en-US\",\"@id\":\"https:\/\/president-ksgov.net\/#\/schema\/person\/image\/\",\"url\":\"https:\/\/secure.gravatar.com\/avatar\/339f00ab0a8a0d5ce1ecff10aa2b4a1f51f58bbd5a57793f8cd6ad624080d807?s=96&d=mm&r=g\",\"contentUrl\":\"https:\/\/secure.gravatar.com\/avatar\/339f00ab0a8a0d5ce1ecff10aa2b4a1f51f58bbd5a57793f8cd6ad624080d807?s=96&d=mm&r=g\",\"caption\":\"presidentlogin\"}}]}<\/script>\n<!-- \/ Yoast SEO plugin. -->","yoast_head_json":{"title":"President Vjosa Osmani awarded the Europe Prize by the Pan-European Foundation\u00a0 - President of the Republic of Kosovo - DR. VJOSA OSMANI - SADRIU","description":"President Vjosa Osmani awarded the Europe Prize by the Pan-European Foundation\u00a0 - President of the Republic of Kosovo - DR. VJOSA OSMANI - SADRIU -","robots":{"index":"index","follow":"follow","max-snippet":"max-snippet:-1","max-image-preview":"max-image-preview:large","max-video-preview":"max-video-preview:-1"},"canonical":"https:\/\/president-ksgov.net\/en\/president-vjosa-osmani-awarded-the-europe-prize-by-the-pan-european-foundation\/","og_locale":"en_US","og_type":"article","og_title":"President Vjosa Osmani awarded the Europe Prize by the Pan-European Foundation\u00a0 - President of the Republic of Kosovo - DR. VJOSA OSMANI - SADRIU","og_description":"President Vjosa Osmani awarded the Europe Prize by the Pan-European Foundation\u00a0 - President of the Republic of Kosovo - DR. VJOSA OSMANI - SADRIU -","og_url":"https:\/\/president-ksgov.net\/en\/president-vjosa-osmani-awarded-the-europe-prize-by-the-pan-european-foundation\/","og_site_name":"President of the Republic of Kosovo - DR. VJOSA OSMANI - SADRIU","article_published_time":"2024-04-18T11:25:58+00:00","article_modified_time":"2024-04-22T07:57:54+00:00","og_image":[{"width":2048,"height":1365,"url":"https:\/\/president-ksgov.net\/wp-content\/uploads\/image_123650291-2.jpg","type":"image\/jpeg"}],"author":"presidentlogin","twitter_card":"summary_large_image","twitter_misc":{"Written by":"presidentlogin","Est. reading time":"2 minutes"},"schema":{"@context":"https:\/\/schema.org","@graph":[{"@type":"WebPage","@id":"https:\/\/president-ksgov.net\/en\/president-vjosa-osmani-awarded-the-europe-prize-by-the-pan-european-foundation\/","url":"https:\/\/president-ksgov.net\/en\/president-vjosa-osmani-awarded-the-europe-prize-by-the-pan-european-foundation\/","name":"President Vjosa Osmani awarded the Europe Prize by the Pan-European Foundation\u00a0 - President of the Republic of Kosovo - DR. VJOSA OSMANI - SADRIU","isPartOf":{"@id":"https:\/\/president-ksgov.net\/#website"},"primaryImageOfPage":{"@id":"https:\/\/president-ksgov.net\/en\/president-vjosa-osmani-awarded-the-europe-prize-by-the-pan-european-foundation\/#primaryimage"},"image":{"@id":"https:\/\/president-ksgov.net\/en\/president-vjosa-osmani-awarded-the-europe-prize-by-the-pan-european-foundation\/#primaryimage"},"thumbnailUrl":"https:\/\/president-ksgov.net\/wp-content\/uploads\/image_123650291-2.jpg","datePublished":"2024-04-18T11:25:58+00:00","dateModified":"2024-04-22T07:57:54+00:00","author":{"@id":"https:\/\/president-ksgov.net\/#\/schema\/person\/1a2c014cffc81ec60d5a452a36d08d92"},"description":"President Vjosa Osmani awarded the Europe Prize by the Pan-European Foundation\u00a0 - President of the Republic of Kosovo - DR. VJOSA OSMANI - SADRIU -","breadcrumb":{"@id":"https:\/\/president-ksgov.net\/en\/president-vjosa-osmani-awarded-the-europe-prize-by-the-pan-european-foundation\/#breadcrumb"},"inLanguage":"en-US","potentialAction":[{"@type":"ReadAction","target":["https:\/\/president-ksgov.net\/en\/president-vjosa-osmani-awarded-the-europe-prize-by-the-pan-european-foundation\/"]}]},{"@type":"ImageObject","inLanguage":"en-US","@id":"https:\/\/president-ksgov.net\/en\/president-vjosa-osmani-awarded-the-europe-prize-by-the-pan-european-foundation\/#primaryimage","url":"https:\/\/president-ksgov.net\/wp-content\/uploads\/image_123650291-2.jpg","contentUrl":"https:\/\/president-ksgov.net\/wp-content\/uploads\/image_123650291-2.jpg","width":2048,"height":1365},{"@type":"BreadcrumbList","@id":"https:\/\/president-ksgov.net\/en\/president-vjosa-osmani-awarded-the-europe-prize-by-the-pan-european-foundation\/#breadcrumb","itemListElement":[{"@type":"ListItem","position":1,"name":"Home","item":"https:\/\/president-ksgov.net\/en\/"},{"@type":"ListItem","position":2,"name":"President Vjosa Osmani awarded the Europe Prize by the Pan-European Foundation\u00a0"}]},{"@type":"WebSite","@id":"https:\/\/president-ksgov.net\/#website","url":"https:\/\/president-ksgov.net\/","name":"Presidente e Republik\u00ebs s\u00eb Kosov\u00ebs","description":"Presidente e Republik\u00ebs s\u00eb Kosov\u00ebs","alternateName":"DR. VJOSA OSMANI - SADRIU","potentialAction":[{"@type":"SearchAction","target":{"@type":"EntryPoint","urlTemplate":"https:\/\/president-ksgov.net\/?s={search_term_string}"},"query-input":{"@type":"PropertyValueSpecification","valueRequired":true,"valueName":"search_term_string"}}],"inLanguage":"en-US"},{"@type":"Person","@id":"https:\/\/president-ksgov.net\/#\/schema\/person\/1a2c014cffc81ec60d5a452a36d08d92","name":"presidentlogin","image":{"@type":"ImageObject","inLanguage":"en-US","@id":"https:\/\/president-ksgov.net\/#\/schema\/person\/image\/","url":"https:\/\/secure.gravatar.com\/avatar\/339f00ab0a8a0d5ce1ecff10aa2b4a1f51f58bbd5a57793f8cd6ad624080d807?s=96&d=mm&r=g","contentUrl":"https:\/\/secure.gravatar.com\/avatar\/339f00ab0a8a0d5ce1ecff10aa2b4a1f51f58bbd5a57793f8cd6ad624080d807?s=96&d=mm&r=g","caption":"presidentlogin"}}]}},"_links":{"self":[{"href":"https:\/\/president-ksgov.net\/en\/wp-json\/wp\/v2\/posts\/103695","targetHints":{"allow":["GET"]}}],"collection":[{"href":"https:\/\/president-ksgov.net\/en\/wp-json\/wp\/v2\/posts"}],"about":[{"href":"https:\/\/president-ksgov.net\/en\/wp-json\/wp\/v2\/types\/post"}],"author":[{"embeddable":true,"href":"https:\/\/president-ksgov.net\/en\/wp-json\/wp\/v2\/users\/11"}],"replies":[{"embeddable":true,"href":"https:\/\/president-ksgov.net\/en\/wp-json\/wp\/v2\/comments?post=103695"}],"version-history":[{"count":1,"href":"https:\/\/president-ksgov.net\/en\/wp-json\/wp\/v2\/posts\/103695\/revisions"}],"predecessor-version":[{"id":103696,"href":"https:\/\/president-ksgov.net\/en\/wp-json\/wp\/v2\/posts\/103695\/revisions\/103696"}],"wp:featuredmedia":[{"embeddable":true,"href":"https:\/\/president-ksgov.net\/en\/wp-json\/wp\/v2\/media\/103583"}],"wp:attachment":[{"href":"https:\/\/president-ksgov.net\/en\/wp-json\/wp\/v2\/media?parent=103695"}],"wp:term":[{"taxonomy":"category","embeddable":true,"href":"https:\/\/president-ksgov.net\/en\/wp-json\/wp\/v2\/categories?post=103695"},{"taxonomy":"post_tag","embeddable":true,"href":"https:\/\/president-ksgov.net\/en\/wp-json\/wp\/v2\/tags?post=103695"}],"curies":[{"name":"wp","href":"https:\/\/api.w.org\/{rel}","templated":true}]}}