{"id":103679,"date":"2024-04-11T08:46:15","date_gmt":"2024-04-11T06:46:15","guid":{"rendered":"https:\/\/president-ksgov.net\/?p=103679"},"modified":"2024-04-22T09:32:26","modified_gmt":"2024-04-22T07:32:26","slug":"president-osmani-commemorates-the-25th-anniversary-of-the-fall-of-the-hero-agim-ramadani","status":"publish","type":"post","link":"https:\/\/president-ksgov.net\/en\/president-osmani-commemorates-the-25th-anniversary-of-the-fall-of-the-hero-agim-ramadani\/","title":{"rendered":"President Osmani commemorates the 25th anniversary of the fall of the hero Agim Ramadani"},"content":{"rendered":"<p>Agim Ramadani was not just a soldier, but a mix of a warrior, a poet and painter, respectively a polyhedral personality transformed into a hero.<\/p>\n<p>He is the man of exile, the patriot and the brave man who made the dream of freedom come true by joining the KLA and being immortalized as the emblematic hero of the fall of the border between Kosovo and Albania.<\/p>\n<p>He and his fellow fighters gave life to the dreams and aspirations of our people to be free.<\/p>\n<p>Agim&#8217;s heroism and legacy will continue to inspire generations to come.<\/p>\n<p>May the memory of the hero Agim Ramadan be eternal!<\/p>\n<p>&nbsp;<\/p>\n","protected":false},"excerpt":{"rendered":"<p>Agim Ramadani was not just a soldier, but a mix of a warrior, a poet and painter, respectively a polyhedral personality transformed into a hero. He is the man of exile, the patriot and the brave man who made the dream of freedom come true by joining the KLA and being immortalized as the emblematic hero of the fall of the border between Kosovo and Albania. He and his fellow fighters gave life to the dreams and aspirations of our people to be free. Agim&#8217;s heroism and legacy will continue to inspire generations to come. May the memory of the hero Agim Ramadan be eternal! &nbsp;<\/p>\n","protected":false},"author":11,"featured_media":103272,"comment_status":"open","ping_status":"closed","sticky":false,"template":"","format":"standard","meta":{"_eb_attr":"","footnotes":""},"categories":[111],"tags":[],"class_list":["post-103679","post","type-post","status-publish","format-standard","has-post-thumbnail","hentry","category-news"],"yoast_head":"<!-- This site is optimized with the Yoast SEO plugin v23.5 - https:\/\/yoast.com\/wordpress\/plugins\/seo\/ -->\n<title>President Osmani commemorates the 25th anniversary of the fall of the hero Agim Ramadani - President of the Republic of Kosovo - DR. VJOSA OSMANI - SADRIU<\/title>\n<meta name=\"description\" content=\"President Osmani commemorates the 25th anniversary of the fall of the hero Agim Ramadani - President of the Republic of Kosovo - DR. VJOSA OSMANI - SADRIU -\" \/>\n<meta name=\"robots\" content=\"index, follow, max-snippet:-1, max-image-preview:large, max-video-preview:-1\" \/>\n<link rel=\"canonical\" href=\"https:\/\/president-ksgov.net\/en\/president-osmani-commemorates-the-25th-anniversary-of-the-fall-of-the-hero-agim-ramadani\/\" \/>\n<meta property=\"og:locale\" content=\"en_US\" \/>\n<meta property=\"og:type\" content=\"article\" \/>\n<meta property=\"og:title\" content=\"President Osmani commemorates the 25th anniversary of the fall of the hero Agim Ramadani - President of the Republic of Kosovo - DR. VJOSA OSMANI - SADRIU\" \/>\n<meta property=\"og:description\" content=\"President Osmani commemorates the 25th anniversary of the fall of the hero Agim Ramadani - President of the Republic of Kosovo - DR. VJOSA OSMANI - SADRIU -\" \/>\n<meta property=\"og:url\" content=\"https:\/\/president-ksgov.net\/en\/president-osmani-commemorates-the-25th-anniversary-of-the-fall-of-the-hero-agim-ramadani\/\" \/>\n<meta property=\"og:site_name\" content=\"President of the Republic of Kosovo - DR. VJOSA OSMANI - SADRIU\" \/>\n<meta property=\"article:published_time\" content=\"2024-04-11T06:46:15+00:00\" \/>\n<meta property=\"article:modified_time\" content=\"2024-04-22T07:32:26+00:00\" \/>\n<meta property=\"og:image\" content=\"https:\/\/president-ksgov.net\/wp-content\/uploads\/340844465_3473960482872148_3976723749966525378_n.jpg\" \/>\n\t<meta property=\"og:image:width\" content=\"1080\" \/>\n\t<meta property=\"og:image:height\" content=\"789\" \/>\n\t<meta property=\"og:image:type\" content=\"image\/jpeg\" \/>\n<meta name=\"author\" content=\"presidentlogin\" \/>\n<meta name=\"twitter:card\" content=\"summary_large_image\" \/>\n<meta name=\"twitter:label1\" content=\"Written by\" \/>\n\t<meta name=\"twitter:data1\" content=\"presidentlogin\" \/>\n\t<meta name=\"twitter:label2\" content=\"Est. reading time\" \/>\n\t<meta name=\"twitter:data2\" content=\"1 minute\" \/>\n<script type=\"application\/ld+json\" class=\"yoast-schema-graph\">{\"@context\":\"https:\/\/schema.org\",\"@graph\":[{\"@type\":\"WebPage\",\"@id\":\"https:\/\/president-ksgov.net\/en\/president-osmani-commemorates-the-25th-anniversary-of-the-fall-of-the-hero-agim-ramadani\/\",\"url\":\"https:\/\/president-ksgov.net\/en\/president-osmani-commemorates-the-25th-anniversary-of-the-fall-of-the-hero-agim-ramadani\/\",\"name\":\"President Osmani commemorates the 25th anniversary of the fall of the hero Agim Ramadani - President of the Republic of Kosovo - DR. VJOSA OSMANI - SADRIU\",\"isPartOf\":{\"@id\":\"https:\/\/president-ksgov.net\/#website\"},\"primaryImageOfPage\":{\"@id\":\"https:\/\/president-ksgov.net\/en\/president-osmani-commemorates-the-25th-anniversary-of-the-fall-of-the-hero-agim-ramadani\/#primaryimage\"},\"image\":{\"@id\":\"https:\/\/president-ksgov.net\/en\/president-osmani-commemorates-the-25th-anniversary-of-the-fall-of-the-hero-agim-ramadani\/#primaryimage\"},\"thumbnailUrl\":\"https:\/\/president-ksgov.net\/wp-content\/uploads\/340844465_3473960482872148_3976723749966525378_n.jpg\",\"datePublished\":\"2024-04-11T06:46:15+00:00\",\"dateModified\":\"2024-04-22T07:32:26+00:00\",\"author\":{\"@id\":\"https:\/\/president-ksgov.net\/#\/schema\/person\/1a2c014cffc81ec60d5a452a36d08d92\"},\"description\":\"President Osmani commemorates the 25th anniversary of the fall of the hero Agim Ramadani - President of the Republic of Kosovo - DR. VJOSA OSMANI - SADRIU -\",\"breadcrumb\":{\"@id\":\"https:\/\/president-ksgov.net\/en\/president-osmani-commemorates-the-25th-anniversary-of-the-fall-of-the-hero-agim-ramadani\/#breadcrumb\"},\"inLanguage\":\"en-US\",\"potentialAction\":[{\"@type\":\"ReadAction\",\"target\":[\"https:\/\/president-ksgov.net\/en\/president-osmani-commemorates-the-25th-anniversary-of-the-fall-of-the-hero-agim-ramadani\/\"]}]},{\"@type\":\"ImageObject\",\"inLanguage\":\"en-US\",\"@id\":\"https:\/\/president-ksgov.net\/en\/president-osmani-commemorates-the-25th-anniversary-of-the-fall-of-the-hero-agim-ramadani\/#primaryimage\",\"url\":\"https:\/\/president-ksgov.net\/wp-content\/uploads\/340844465_3473960482872148_3976723749966525378_n.jpg\",\"contentUrl\":\"https:\/\/president-ksgov.net\/wp-content\/uploads\/340844465_3473960482872148_3976723749966525378_n.jpg\",\"width\":1080,\"height\":789},{\"@type\":\"BreadcrumbList\",\"@id\":\"https:\/\/president-ksgov.net\/en\/president-osmani-commemorates-the-25th-anniversary-of-the-fall-of-the-hero-agim-ramadani\/#breadcrumb\",\"itemListElement\":[{\"@type\":\"ListItem\",\"position\":1,\"name\":\"Home\",\"item\":\"https:\/\/president-ksgov.net\/en\/\"},{\"@type\":\"ListItem\",\"position\":2,\"name\":\"President Osmani commemorates the 25th anniversary of the fall of the hero Agim Ramadani\"}]},{\"@type\":\"WebSite\",\"@id\":\"https:\/\/president-ksgov.net\/#website\",\"url\":\"https:\/\/president-ksgov.net\/\",\"name\":\"Presidente e Republik\u00ebs s\u00eb Kosov\u00ebs\",\"description\":\"Presidente e Republik\u00ebs s\u00eb Kosov\u00ebs\",\"alternateName\":\"DR. VJOSA OSMANI - SADRIU\",\"potentialAction\":[{\"@type\":\"SearchAction\",\"target\":{\"@type\":\"EntryPoint\",\"urlTemplate\":\"https:\/\/president-ksgov.net\/?s={search_term_string}\"},\"query-input\":{\"@type\":\"PropertyValueSpecification\",\"valueRequired\":true,\"valueName\":\"search_term_string\"}}],\"inLanguage\":\"en-US\"},{\"@type\":\"Person\",\"@id\":\"https:\/\/president-ksgov.net\/#\/schema\/person\/1a2c014cffc81ec60d5a452a36d08d92\",\"name\":\"presidentlogin\",\"image\":{\"@type\":\"ImageObject\",\"inLanguage\":\"en-US\",\"@id\":\"https:\/\/president-ksgov.net\/#\/schema\/person\/image\/\",\"url\":\"https:\/\/secure.gravatar.com\/avatar\/339f00ab0a8a0d5ce1ecff10aa2b4a1f51f58bbd5a57793f8cd6ad624080d807?s=96&d=mm&r=g\",\"contentUrl\":\"https:\/\/secure.gravatar.com\/avatar\/339f00ab0a8a0d5ce1ecff10aa2b4a1f51f58bbd5a57793f8cd6ad624080d807?s=96&d=mm&r=g\",\"caption\":\"presidentlogin\"}}]}<\/script>\n<!-- \/ Yoast SEO plugin. -->","yoast_head_json":{"title":"President Osmani commemorates the 25th anniversary of the fall of the hero Agim Ramadani - President of the Republic of Kosovo - DR. VJOSA OSMANI - SADRIU","description":"President Osmani commemorates the 25th anniversary of the fall of the hero Agim Ramadani - President of the Republic of Kosovo - DR. VJOSA OSMANI - SADRIU -","robots":{"index":"index","follow":"follow","max-snippet":"max-snippet:-1","max-image-preview":"max-image-preview:large","max-video-preview":"max-video-preview:-1"},"canonical":"https:\/\/president-ksgov.net\/en\/president-osmani-commemorates-the-25th-anniversary-of-the-fall-of-the-hero-agim-ramadani\/","og_locale":"en_US","og_type":"article","og_title":"President Osmani commemorates the 25th anniversary of the fall of the hero Agim Ramadani - President of the Republic of Kosovo - DR. VJOSA OSMANI - SADRIU","og_description":"President Osmani commemorates the 25th anniversary of the fall of the hero Agim Ramadani - President of the Republic of Kosovo - DR. VJOSA OSMANI - SADRIU -","og_url":"https:\/\/president-ksgov.net\/en\/president-osmani-commemorates-the-25th-anniversary-of-the-fall-of-the-hero-agim-ramadani\/","og_site_name":"President of the Republic of Kosovo - DR. VJOSA OSMANI - SADRIU","article_published_time":"2024-04-11T06:46:15+00:00","article_modified_time":"2024-04-22T07:32:26+00:00","og_image":[{"width":1080,"height":789,"url":"https:\/\/president-ksgov.net\/wp-content\/uploads\/340844465_3473960482872148_3976723749966525378_n.jpg","type":"image\/jpeg"}],"author":"presidentlogin","twitter_card":"summary_large_image","twitter_misc":{"Written by":"presidentlogin","Est. reading time":"1 minute"},"schema":{"@context":"https:\/\/schema.org","@graph":[{"@type":"WebPage","@id":"https:\/\/president-ksgov.net\/en\/president-osmani-commemorates-the-25th-anniversary-of-the-fall-of-the-hero-agim-ramadani\/","url":"https:\/\/president-ksgov.net\/en\/president-osmani-commemorates-the-25th-anniversary-of-the-fall-of-the-hero-agim-ramadani\/","name":"President Osmani commemorates the 25th anniversary of the fall of the hero Agim Ramadani - President of the Republic of Kosovo - DR. VJOSA OSMANI - SADRIU","isPartOf":{"@id":"https:\/\/president-ksgov.net\/#website"},"primaryImageOfPage":{"@id":"https:\/\/president-ksgov.net\/en\/president-osmani-commemorates-the-25th-anniversary-of-the-fall-of-the-hero-agim-ramadani\/#primaryimage"},"image":{"@id":"https:\/\/president-ksgov.net\/en\/president-osmani-commemorates-the-25th-anniversary-of-the-fall-of-the-hero-agim-ramadani\/#primaryimage"},"thumbnailUrl":"https:\/\/president-ksgov.net\/wp-content\/uploads\/340844465_3473960482872148_3976723749966525378_n.jpg","datePublished":"2024-04-11T06:46:15+00:00","dateModified":"2024-04-22T07:32:26+00:00","author":{"@id":"https:\/\/president-ksgov.net\/#\/schema\/person\/1a2c014cffc81ec60d5a452a36d08d92"},"description":"President Osmani commemorates the 25th anniversary of the fall of the hero Agim Ramadani - President of the Republic of Kosovo - DR. VJOSA OSMANI - SADRIU -","breadcrumb":{"@id":"https:\/\/president-ksgov.net\/en\/president-osmani-commemorates-the-25th-anniversary-of-the-fall-of-the-hero-agim-ramadani\/#breadcrumb"},"inLanguage":"en-US","potentialAction":[{"@type":"ReadAction","target":["https:\/\/president-ksgov.net\/en\/president-osmani-commemorates-the-25th-anniversary-of-the-fall-of-the-hero-agim-ramadani\/"]}]},{"@type":"ImageObject","inLanguage":"en-US","@id":"https:\/\/president-ksgov.net\/en\/president-osmani-commemorates-the-25th-anniversary-of-the-fall-of-the-hero-agim-ramadani\/#primaryimage","url":"https:\/\/president-ksgov.net\/wp-content\/uploads\/340844465_3473960482872148_3976723749966525378_n.jpg","contentUrl":"https:\/\/president-ksgov.net\/wp-content\/uploads\/340844465_3473960482872148_3976723749966525378_n.jpg","width":1080,"height":789},{"@type":"BreadcrumbList","@id":"https:\/\/president-ksgov.net\/en\/president-osmani-commemorates-the-25th-anniversary-of-the-fall-of-the-hero-agim-ramadani\/#breadcrumb","itemListElement":[{"@type":"ListItem","position":1,"name":"Home","item":"https:\/\/president-ksgov.net\/en\/"},{"@type":"ListItem","position":2,"name":"President Osmani commemorates the 25th anniversary of the fall of the hero Agim Ramadani"}]},{"@type":"WebSite","@id":"https:\/\/president-ksgov.net\/#website","url":"https:\/\/president-ksgov.net\/","name":"Presidente e Republik\u00ebs s\u00eb Kosov\u00ebs","description":"Presidente e Republik\u00ebs s\u00eb Kosov\u00ebs","alternateName":"DR. VJOSA OSMANI - SADRIU","potentialAction":[{"@type":"SearchAction","target":{"@type":"EntryPoint","urlTemplate":"https:\/\/president-ksgov.net\/?s={search_term_string}"},"query-input":{"@type":"PropertyValueSpecification","valueRequired":true,"valueName":"search_term_string"}}],"inLanguage":"en-US"},{"@type":"Person","@id":"https:\/\/president-ksgov.net\/#\/schema\/person\/1a2c014cffc81ec60d5a452a36d08d92","name":"presidentlogin","image":{"@type":"ImageObject","inLanguage":"en-US","@id":"https:\/\/president-ksgov.net\/#\/schema\/person\/image\/","url":"https:\/\/secure.gravatar.com\/avatar\/339f00ab0a8a0d5ce1ecff10aa2b4a1f51f58bbd5a57793f8cd6ad624080d807?s=96&d=mm&r=g","contentUrl":"https:\/\/secure.gravatar.com\/avatar\/339f00ab0a8a0d5ce1ecff10aa2b4a1f51f58bbd5a57793f8cd6ad624080d807?s=96&d=mm&r=g","caption":"presidentlogin"}}]}},"_links":{"self":[{"href":"https:\/\/president-ksgov.net\/en\/wp-json\/wp\/v2\/posts\/103679","targetHints":{"allow":["GET"]}}],"collection":[{"href":"https:\/\/president-ksgov.net\/en\/wp-json\/wp\/v2\/posts"}],"about":[{"href":"https:\/\/president-ksgov.net\/en\/wp-json\/wp\/v2\/types\/post"}],"author":[{"embeddable":true,"href":"https:\/\/president-ksgov.net\/en\/wp-json\/wp\/v2\/users\/11"}],"replies":[{"embeddable":true,"href":"https:\/\/president-ksgov.net\/en\/wp-json\/wp\/v2\/comments?post=103679"}],"version-history":[{"count":1,"href":"https:\/\/president-ksgov.net\/en\/wp-json\/wp\/v2\/posts\/103679\/revisions"}],"predecessor-version":[{"id":103680,"href":"https:\/\/president-ksgov.net\/en\/wp-json\/wp\/v2\/posts\/103679\/revisions\/103680"}],"wp:featuredmedia":[{"embeddable":true,"href":"https:\/\/president-ksgov.net\/en\/wp-json\/wp\/v2\/media\/103272"}],"wp:attachment":[{"href":"https:\/\/president-ksgov.net\/en\/wp-json\/wp\/v2\/media?parent=103679"}],"wp:term":[{"taxonomy":"category","embeddable":true,"href":"https:\/\/president-ksgov.net\/en\/wp-json\/wp\/v2\/categories?post=103679"},{"taxonomy":"post_tag","embeddable":true,"href":"https:\/\/president-ksgov.net\/en\/wp-json\/wp\/v2\/tags?post=103679"}],"curies":[{"name":"wp","href":"https:\/\/api.w.org\/{rel}","templated":true}]}}