{"id":103045,"date":"2024-04-02T09:30:52","date_gmt":"2024-04-02T07:30:52","guid":{"rendered":"https:\/\/president-ksgov.net\/?p=103045"},"modified":"2024-04-02T10:21:07","modified_gmt":"2024-04-02T08:21:07","slug":"president-osmani-commemorates-the-25th-anniversary-of-the-massacre-at-the-house-of-the-vejsa-family","status":"publish","type":"post","link":"https:\/\/president-ksgov.net\/en\/president-osmani-commemorates-the-25th-anniversary-of-the-massacre-at-the-house-of-the-vejsa-family\/","title":{"rendered":"President Osmani commemorates the 25th anniversary of the Massacre at the house of the Vejsa family"},"content":{"rendered":"<p>The names of the martyred children and women of the families: Vejsa, Caka, Haxhiavdija, Nuqi, Hoxha and Gashi from Gjakova, are an never ending memory and testify to the path of hardship of our aspirations for freedom and statehood.<\/p>\n<p>25 years ago, the Serbian genocidal regime manifested its cruelty by killing and then burning in the basement of the Vejsa family house the members of these families, aged between the ages of 2 and 75.<\/p>\n<p>Burning the children of Kosovo alive is the truth of Serbia, which even today continues to protect the criminals who committed these macabre crimes with clear genocidal intent.<\/p>\n<p>by keeping their memory alive, we will continue the fight for justice.<\/p>\n<p>Eternal memory to all those who fell for freedom!<\/p>\n","protected":false},"excerpt":{"rendered":"<p>The names of the martyred children and women of the families: Vejsa, Caka, Haxhiavdija, Nuqi, Hoxha and Gashi from Gjakova, are an never ending memory and testify to the path of hardship of our aspirations for freedom and statehood. 25 years ago, the Serbian genocidal regime manifested its cruelty by killing and then burning in the basement of the Vejsa family house the members of these families, aged between the ages of 2 and 75. Burning the children of Kosovo alive is the truth of Serbia, which even today continues to protect the criminals who committed these macabre crimes with clear genocidal intent. by keeping their memory alive, we will continue the fight for justice. Eternal memory to all those who fell for freedom!<\/p>\n","protected":false},"author":11,"featured_media":103030,"comment_status":"open","ping_status":"closed","sticky":false,"template":"","format":"standard","meta":{"_eb_attr":"","footnotes":""},"categories":[111],"tags":[],"class_list":["post-103045","post","type-post","status-publish","format-standard","has-post-thumbnail","hentry","category-news"],"yoast_head":"<!-- This site is optimized with the Yoast SEO plugin v23.5 - https:\/\/yoast.com\/wordpress\/plugins\/seo\/ -->\n<title>President Osmani commemorates the 25th anniversary of the Massacre at the house of the Vejsa family - President of the Republic of Kosovo - DR. VJOSA OSMANI - SADRIU<\/title>\n<meta name=\"description\" content=\"President Osmani commemorates the 25th anniversary of the Massacre at the house of the Vejsa family - President of the Republic of Kosovo - DR. VJOSA OSMANI - SADRIU -\" \/>\n<meta name=\"robots\" content=\"index, follow, max-snippet:-1, max-image-preview:large, max-video-preview:-1\" \/>\n<link rel=\"canonical\" href=\"https:\/\/president-ksgov.net\/en\/president-osmani-commemorates-the-25th-anniversary-of-the-massacre-at-the-house-of-the-vejsa-family\/\" \/>\n<meta property=\"og:locale\" content=\"en_US\" \/>\n<meta property=\"og:type\" content=\"article\" \/>\n<meta property=\"og:title\" content=\"President Osmani commemorates the 25th anniversary of the Massacre at the house of the Vejsa family - President of the Republic of Kosovo - DR. VJOSA OSMANI - SADRIU\" \/>\n<meta property=\"og:description\" content=\"President Osmani commemorates the 25th anniversary of the Massacre at the house of the Vejsa family - President of the Republic of Kosovo - DR. VJOSA OSMANI - SADRIU -\" \/>\n<meta property=\"og:url\" content=\"https:\/\/president-ksgov.net\/en\/president-osmani-commemorates-the-25th-anniversary-of-the-massacre-at-the-house-of-the-vejsa-family\/\" \/>\n<meta property=\"og:site_name\" content=\"President of the Republic of Kosovo - DR. VJOSA OSMANI - SADRIU\" \/>\n<meta property=\"article:published_time\" content=\"2024-04-02T07:30:52+00:00\" \/>\n<meta property=\"article:modified_time\" content=\"2024-04-02T08:21:07+00:00\" \/>\n<meta property=\"og:image\" content=\"https:\/\/president-ksgov.net\/wp-content\/uploads\/masakra-ne-shtepine-e-familjes-Vejsa.jpg\" \/>\n\t<meta property=\"og:image:width\" content=\"780\" \/>\n\t<meta property=\"og:image:height\" content=\"439\" \/>\n\t<meta property=\"og:image:type\" content=\"image\/jpeg\" \/>\n<meta name=\"author\" content=\"presidentlogin\" \/>\n<meta name=\"twitter:card\" content=\"summary_large_image\" \/>\n<meta name=\"twitter:label1\" content=\"Written by\" \/>\n\t<meta name=\"twitter:data1\" content=\"presidentlogin\" \/>\n\t<meta name=\"twitter:label2\" content=\"Est. reading time\" \/>\n\t<meta name=\"twitter:data2\" content=\"1 minute\" \/>\n<script type=\"application\/ld+json\" class=\"yoast-schema-graph\">{\"@context\":\"https:\/\/schema.org\",\"@graph\":[{\"@type\":\"WebPage\",\"@id\":\"https:\/\/president-ksgov.net\/en\/president-osmani-commemorates-the-25th-anniversary-of-the-massacre-at-the-house-of-the-vejsa-family\/\",\"url\":\"https:\/\/president-ksgov.net\/en\/president-osmani-commemorates-the-25th-anniversary-of-the-massacre-at-the-house-of-the-vejsa-family\/\",\"name\":\"President Osmani commemorates the 25th anniversary of the Massacre at the house of the Vejsa family - President of the Republic of Kosovo - DR. VJOSA OSMANI - SADRIU\",\"isPartOf\":{\"@id\":\"https:\/\/president-ksgov.net\/#website\"},\"primaryImageOfPage\":{\"@id\":\"https:\/\/president-ksgov.net\/en\/president-osmani-commemorates-the-25th-anniversary-of-the-massacre-at-the-house-of-the-vejsa-family\/#primaryimage\"},\"image\":{\"@id\":\"https:\/\/president-ksgov.net\/en\/president-osmani-commemorates-the-25th-anniversary-of-the-massacre-at-the-house-of-the-vejsa-family\/#primaryimage\"},\"thumbnailUrl\":\"https:\/\/president-ksgov.net\/wp-content\/uploads\/masakra-ne-shtepine-e-familjes-Vejsa.jpg\",\"datePublished\":\"2024-04-02T07:30:52+00:00\",\"dateModified\":\"2024-04-02T08:21:07+00:00\",\"author\":{\"@id\":\"https:\/\/president-ksgov.net\/#\/schema\/person\/1a2c014cffc81ec60d5a452a36d08d92\"},\"description\":\"President Osmani commemorates the 25th anniversary of the Massacre at the house of the Vejsa family - President of the Republic of Kosovo - DR. VJOSA OSMANI - SADRIU -\",\"breadcrumb\":{\"@id\":\"https:\/\/president-ksgov.net\/en\/president-osmani-commemorates-the-25th-anniversary-of-the-massacre-at-the-house-of-the-vejsa-family\/#breadcrumb\"},\"inLanguage\":\"en-US\",\"potentialAction\":[{\"@type\":\"ReadAction\",\"target\":[\"https:\/\/president-ksgov.net\/en\/president-osmani-commemorates-the-25th-anniversary-of-the-massacre-at-the-house-of-the-vejsa-family\/\"]}]},{\"@type\":\"ImageObject\",\"inLanguage\":\"en-US\",\"@id\":\"https:\/\/president-ksgov.net\/en\/president-osmani-commemorates-the-25th-anniversary-of-the-massacre-at-the-house-of-the-vejsa-family\/#primaryimage\",\"url\":\"https:\/\/president-ksgov.net\/wp-content\/uploads\/masakra-ne-shtepine-e-familjes-Vejsa.jpg\",\"contentUrl\":\"https:\/\/president-ksgov.net\/wp-content\/uploads\/masakra-ne-shtepine-e-familjes-Vejsa.jpg\",\"width\":780,\"height\":439},{\"@type\":\"BreadcrumbList\",\"@id\":\"https:\/\/president-ksgov.net\/en\/president-osmani-commemorates-the-25th-anniversary-of-the-massacre-at-the-house-of-the-vejsa-family\/#breadcrumb\",\"itemListElement\":[{\"@type\":\"ListItem\",\"position\":1,\"name\":\"Home\",\"item\":\"https:\/\/president-ksgov.net\/en\/\"},{\"@type\":\"ListItem\",\"position\":2,\"name\":\"President Osmani commemorates the 25th anniversary of the Massacre at the house of the Vejsa family\"}]},{\"@type\":\"WebSite\",\"@id\":\"https:\/\/president-ksgov.net\/#website\",\"url\":\"https:\/\/president-ksgov.net\/\",\"name\":\"Presidente e Republik\u00ebs s\u00eb Kosov\u00ebs\",\"description\":\"Presidente e Republik\u00ebs s\u00eb Kosov\u00ebs\",\"alternateName\":\"DR. VJOSA OSMANI - SADRIU\",\"potentialAction\":[{\"@type\":\"SearchAction\",\"target\":{\"@type\":\"EntryPoint\",\"urlTemplate\":\"https:\/\/president-ksgov.net\/?s={search_term_string}\"},\"query-input\":{\"@type\":\"PropertyValueSpecification\",\"valueRequired\":true,\"valueName\":\"search_term_string\"}}],\"inLanguage\":\"en-US\"},{\"@type\":\"Person\",\"@id\":\"https:\/\/president-ksgov.net\/#\/schema\/person\/1a2c014cffc81ec60d5a452a36d08d92\",\"name\":\"presidentlogin\",\"image\":{\"@type\":\"ImageObject\",\"inLanguage\":\"en-US\",\"@id\":\"https:\/\/president-ksgov.net\/#\/schema\/person\/image\/\",\"url\":\"https:\/\/secure.gravatar.com\/avatar\/339f00ab0a8a0d5ce1ecff10aa2b4a1f51f58bbd5a57793f8cd6ad624080d807?s=96&d=mm&r=g\",\"contentUrl\":\"https:\/\/secure.gravatar.com\/avatar\/339f00ab0a8a0d5ce1ecff10aa2b4a1f51f58bbd5a57793f8cd6ad624080d807?s=96&d=mm&r=g\",\"caption\":\"presidentlogin\"}}]}<\/script>\n<!-- \/ Yoast SEO plugin. -->","yoast_head_json":{"title":"President Osmani commemorates the 25th anniversary of the Massacre at the house of the Vejsa family - President of the Republic of Kosovo - DR. VJOSA OSMANI - SADRIU","description":"President Osmani commemorates the 25th anniversary of the Massacre at the house of the Vejsa family - President of the Republic of Kosovo - DR. VJOSA OSMANI - SADRIU -","robots":{"index":"index","follow":"follow","max-snippet":"max-snippet:-1","max-image-preview":"max-image-preview:large","max-video-preview":"max-video-preview:-1"},"canonical":"https:\/\/president-ksgov.net\/en\/president-osmani-commemorates-the-25th-anniversary-of-the-massacre-at-the-house-of-the-vejsa-family\/","og_locale":"en_US","og_type":"article","og_title":"President Osmani commemorates the 25th anniversary of the Massacre at the house of the Vejsa family - President of the Republic of Kosovo - DR. VJOSA OSMANI - SADRIU","og_description":"President Osmani commemorates the 25th anniversary of the Massacre at the house of the Vejsa family - President of the Republic of Kosovo - DR. VJOSA OSMANI - SADRIU -","og_url":"https:\/\/president-ksgov.net\/en\/president-osmani-commemorates-the-25th-anniversary-of-the-massacre-at-the-house-of-the-vejsa-family\/","og_site_name":"President of the Republic of Kosovo - DR. VJOSA OSMANI - SADRIU","article_published_time":"2024-04-02T07:30:52+00:00","article_modified_time":"2024-04-02T08:21:07+00:00","og_image":[{"width":780,"height":439,"url":"https:\/\/president-ksgov.net\/wp-content\/uploads\/masakra-ne-shtepine-e-familjes-Vejsa.jpg","type":"image\/jpeg"}],"author":"presidentlogin","twitter_card":"summary_large_image","twitter_misc":{"Written by":"presidentlogin","Est. reading time":"1 minute"},"schema":{"@context":"https:\/\/schema.org","@graph":[{"@type":"WebPage","@id":"https:\/\/president-ksgov.net\/en\/president-osmani-commemorates-the-25th-anniversary-of-the-massacre-at-the-house-of-the-vejsa-family\/","url":"https:\/\/president-ksgov.net\/en\/president-osmani-commemorates-the-25th-anniversary-of-the-massacre-at-the-house-of-the-vejsa-family\/","name":"President Osmani commemorates the 25th anniversary of the Massacre at the house of the Vejsa family - President of the Republic of Kosovo - DR. VJOSA OSMANI - SADRIU","isPartOf":{"@id":"https:\/\/president-ksgov.net\/#website"},"primaryImageOfPage":{"@id":"https:\/\/president-ksgov.net\/en\/president-osmani-commemorates-the-25th-anniversary-of-the-massacre-at-the-house-of-the-vejsa-family\/#primaryimage"},"image":{"@id":"https:\/\/president-ksgov.net\/en\/president-osmani-commemorates-the-25th-anniversary-of-the-massacre-at-the-house-of-the-vejsa-family\/#primaryimage"},"thumbnailUrl":"https:\/\/president-ksgov.net\/wp-content\/uploads\/masakra-ne-shtepine-e-familjes-Vejsa.jpg","datePublished":"2024-04-02T07:30:52+00:00","dateModified":"2024-04-02T08:21:07+00:00","author":{"@id":"https:\/\/president-ksgov.net\/#\/schema\/person\/1a2c014cffc81ec60d5a452a36d08d92"},"description":"President Osmani commemorates the 25th anniversary of the Massacre at the house of the Vejsa family - President of the Republic of Kosovo - DR. VJOSA OSMANI - SADRIU -","breadcrumb":{"@id":"https:\/\/president-ksgov.net\/en\/president-osmani-commemorates-the-25th-anniversary-of-the-massacre-at-the-house-of-the-vejsa-family\/#breadcrumb"},"inLanguage":"en-US","potentialAction":[{"@type":"ReadAction","target":["https:\/\/president-ksgov.net\/en\/president-osmani-commemorates-the-25th-anniversary-of-the-massacre-at-the-house-of-the-vejsa-family\/"]}]},{"@type":"ImageObject","inLanguage":"en-US","@id":"https:\/\/president-ksgov.net\/en\/president-osmani-commemorates-the-25th-anniversary-of-the-massacre-at-the-house-of-the-vejsa-family\/#primaryimage","url":"https:\/\/president-ksgov.net\/wp-content\/uploads\/masakra-ne-shtepine-e-familjes-Vejsa.jpg","contentUrl":"https:\/\/president-ksgov.net\/wp-content\/uploads\/masakra-ne-shtepine-e-familjes-Vejsa.jpg","width":780,"height":439},{"@type":"BreadcrumbList","@id":"https:\/\/president-ksgov.net\/en\/president-osmani-commemorates-the-25th-anniversary-of-the-massacre-at-the-house-of-the-vejsa-family\/#breadcrumb","itemListElement":[{"@type":"ListItem","position":1,"name":"Home","item":"https:\/\/president-ksgov.net\/en\/"},{"@type":"ListItem","position":2,"name":"President Osmani commemorates the 25th anniversary of the Massacre at the house of the Vejsa family"}]},{"@type":"WebSite","@id":"https:\/\/president-ksgov.net\/#website","url":"https:\/\/president-ksgov.net\/","name":"Presidente e Republik\u00ebs s\u00eb Kosov\u00ebs","description":"Presidente e Republik\u00ebs s\u00eb Kosov\u00ebs","alternateName":"DR. VJOSA OSMANI - SADRIU","potentialAction":[{"@type":"SearchAction","target":{"@type":"EntryPoint","urlTemplate":"https:\/\/president-ksgov.net\/?s={search_term_string}"},"query-input":{"@type":"PropertyValueSpecification","valueRequired":true,"valueName":"search_term_string"}}],"inLanguage":"en-US"},{"@type":"Person","@id":"https:\/\/president-ksgov.net\/#\/schema\/person\/1a2c014cffc81ec60d5a452a36d08d92","name":"presidentlogin","image":{"@type":"ImageObject","inLanguage":"en-US","@id":"https:\/\/president-ksgov.net\/#\/schema\/person\/image\/","url":"https:\/\/secure.gravatar.com\/avatar\/339f00ab0a8a0d5ce1ecff10aa2b4a1f51f58bbd5a57793f8cd6ad624080d807?s=96&d=mm&r=g","contentUrl":"https:\/\/secure.gravatar.com\/avatar\/339f00ab0a8a0d5ce1ecff10aa2b4a1f51f58bbd5a57793f8cd6ad624080d807?s=96&d=mm&r=g","caption":"presidentlogin"}}]}},"_links":{"self":[{"href":"https:\/\/president-ksgov.net\/en\/wp-json\/wp\/v2\/posts\/103045","targetHints":{"allow":["GET"]}}],"collection":[{"href":"https:\/\/president-ksgov.net\/en\/wp-json\/wp\/v2\/posts"}],"about":[{"href":"https:\/\/president-ksgov.net\/en\/wp-json\/wp\/v2\/types\/post"}],"author":[{"embeddable":true,"href":"https:\/\/president-ksgov.net\/en\/wp-json\/wp\/v2\/users\/11"}],"replies":[{"embeddable":true,"href":"https:\/\/president-ksgov.net\/en\/wp-json\/wp\/v2\/comments?post=103045"}],"version-history":[{"count":1,"href":"https:\/\/president-ksgov.net\/en\/wp-json\/wp\/v2\/posts\/103045\/revisions"}],"predecessor-version":[{"id":103046,"href":"https:\/\/president-ksgov.net\/en\/wp-json\/wp\/v2\/posts\/103045\/revisions\/103046"}],"wp:featuredmedia":[{"embeddable":true,"href":"https:\/\/president-ksgov.net\/en\/wp-json\/wp\/v2\/media\/103030"}],"wp:attachment":[{"href":"https:\/\/president-ksgov.net\/en\/wp-json\/wp\/v2\/media?parent=103045"}],"wp:term":[{"taxonomy":"category","embeddable":true,"href":"https:\/\/president-ksgov.net\/en\/wp-json\/wp\/v2\/categories?post=103045"},{"taxonomy":"post_tag","embeddable":true,"href":"https:\/\/president-ksgov.net\/en\/wp-json\/wp\/v2\/tags?post=103045"}],"curies":[{"name":"wp","href":"https:\/\/api.w.org\/{rel}","templated":true}]}}