{"id":103033,"date":"2024-03-31T11:00:14","date_gmt":"2024-03-31T09:00:14","guid":{"rendered":"https:\/\/president-ksgov.net\/?p=103033"},"modified":"2024-04-02T09:52:42","modified_gmt":"2024-04-02T07:52:42","slug":"president-osmani-recalled-the-25th-anniversary-of-the-pastasele-rahovec-and-burim-malisheve-massacres","status":"publish","type":"post","link":"https:\/\/president-ksgov.net\/en\/president-osmani-recalled-the-25th-anniversary-of-the-pastasele-rahovec-and-burim-malisheve-massacres\/","title":{"rendered":"President Osmani recalled the 25th anniversary of the Pastasel\u00eb, Rahovec and Burim, Malishev\u00eb massacres"},"content":{"rendered":"<p>25 years ago, the forces of the Serbian genocidal regime in Pastasel\u00eb, Rahovec, killed and massacred 106 inhabitants of this village and in surrounding villages. On the same day, the criminal regime continued its barbarism in Burim of Malisheva, where 42 civilians were killed and massacred.<\/p>\n<p>Today, through memory, we refuse to let the history of the fallen fade away with time.<\/p>\n<p>On the contrary, with determination and dedication we will work every day to defend the truth, to demand justice and responsibility for the atrocities committed against our people.<\/p>\n<p>May the memory of all those who fell for freedom be eternal!<\/p>\n","protected":false},"excerpt":{"rendered":"<p>25 years ago, the forces of the Serbian genocidal regime in Pastasel\u00eb, Rahovec, killed and massacred 106 inhabitants of this village and in surrounding villages. On the same day, the criminal regime continued its barbarism in Burim of Malisheva, where 42 civilians were killed and massacred. Today, through memory, we refuse to let the history of the fallen fade away with time. On the contrary, with determination and dedication we will work every day to defend the truth, to demand justice and responsibility for the atrocities committed against our people. May the memory of all those who fell for freedom be eternal!<\/p>\n","protected":false},"author":11,"featured_media":103013,"comment_status":"open","ping_status":"closed","sticky":false,"template":"","format":"standard","meta":{"_eb_attr":"","footnotes":""},"categories":[111],"tags":[],"class_list":["post-103033","post","type-post","status-publish","format-standard","has-post-thumbnail","hentry","category-news"],"yoast_head":"<!-- This site is optimized with the Yoast SEO plugin v23.5 - https:\/\/yoast.com\/wordpress\/plugins\/seo\/ -->\n<title>President Osmani recalled the 25th anniversary of the Pastasel\u00eb, Rahovec and Burim, Malishev\u00eb massacres - President of the Republic of Kosovo - DR. VJOSA OSMANI - SADRIU<\/title>\n<meta name=\"description\" content=\"President Osmani recalled the 25th anniversary of the Pastasel\u00eb, Rahovec and Burim, Malishev\u00eb massacres - President of the Republic of Kosovo - DR. VJOSA OSMANI - SADRIU -\" \/>\n<meta name=\"robots\" content=\"index, follow, max-snippet:-1, max-image-preview:large, max-video-preview:-1\" \/>\n<link rel=\"canonical\" href=\"https:\/\/president-ksgov.net\/en\/president-osmani-recalled-the-25th-anniversary-of-the-pastasele-rahovec-and-burim-malisheve-massacres\/\" \/>\n<meta property=\"og:locale\" content=\"en_US\" \/>\n<meta property=\"og:type\" content=\"article\" \/>\n<meta property=\"og:title\" content=\"President Osmani recalled the 25th anniversary of the Pastasel\u00eb, Rahovec and Burim, Malishev\u00eb massacres - President of the Republic of Kosovo - DR. VJOSA OSMANI - SADRIU\" \/>\n<meta property=\"og:description\" content=\"President Osmani recalled the 25th anniversary of the Pastasel\u00eb, Rahovec and Burim, Malishev\u00eb massacres - President of the Republic of Kosovo - DR. VJOSA OSMANI - SADRIU -\" \/>\n<meta property=\"og:url\" content=\"https:\/\/president-ksgov.net\/en\/president-osmani-recalled-the-25th-anniversary-of-the-pastasele-rahovec-and-burim-malisheve-massacres\/\" \/>\n<meta property=\"og:site_name\" content=\"President of the Republic of Kosovo - DR. VJOSA OSMANI - SADRIU\" \/>\n<meta property=\"article:published_time\" content=\"2024-03-31T09:00:14+00:00\" \/>\n<meta property=\"article:modified_time\" content=\"2024-04-02T07:52:42+00:00\" \/>\n<meta property=\"og:image\" content=\"https:\/\/president-ksgov.net\/wp-content\/uploads\/Masakra-e-Pastaselit_1.jpg\" \/>\n\t<meta property=\"og:image:width\" content=\"2000\" \/>\n\t<meta property=\"og:image:height\" content=\"1333\" \/>\n\t<meta property=\"og:image:type\" content=\"image\/jpeg\" \/>\n<meta name=\"author\" content=\"presidentlogin\" \/>\n<meta name=\"twitter:card\" content=\"summary_large_image\" \/>\n<meta name=\"twitter:label1\" content=\"Written by\" \/>\n\t<meta name=\"twitter:data1\" content=\"presidentlogin\" \/>\n\t<meta name=\"twitter:label2\" content=\"Est. reading time\" \/>\n\t<meta name=\"twitter:data2\" content=\"1 minute\" \/>\n<script type=\"application\/ld+json\" class=\"yoast-schema-graph\">{\"@context\":\"https:\/\/schema.org\",\"@graph\":[{\"@type\":\"WebPage\",\"@id\":\"https:\/\/president-ksgov.net\/en\/president-osmani-recalled-the-25th-anniversary-of-the-pastasele-rahovec-and-burim-malisheve-massacres\/\",\"url\":\"https:\/\/president-ksgov.net\/en\/president-osmani-recalled-the-25th-anniversary-of-the-pastasele-rahovec-and-burim-malisheve-massacres\/\",\"name\":\"President Osmani recalled the 25th anniversary of the Pastasel\u00eb, Rahovec and Burim, Malishev\u00eb massacres - President of the Republic of Kosovo - DR. VJOSA OSMANI - SADRIU\",\"isPartOf\":{\"@id\":\"https:\/\/president-ksgov.net\/#website\"},\"primaryImageOfPage\":{\"@id\":\"https:\/\/president-ksgov.net\/en\/president-osmani-recalled-the-25th-anniversary-of-the-pastasele-rahovec-and-burim-malisheve-massacres\/#primaryimage\"},\"image\":{\"@id\":\"https:\/\/president-ksgov.net\/en\/president-osmani-recalled-the-25th-anniversary-of-the-pastasele-rahovec-and-burim-malisheve-massacres\/#primaryimage\"},\"thumbnailUrl\":\"https:\/\/president-ksgov.net\/wp-content\/uploads\/Masakra-e-Pastaselit_1.jpg\",\"datePublished\":\"2024-03-31T09:00:14+00:00\",\"dateModified\":\"2024-04-02T07:52:42+00:00\",\"author\":{\"@id\":\"https:\/\/president-ksgov.net\/#\/schema\/person\/1a2c014cffc81ec60d5a452a36d08d92\"},\"description\":\"President Osmani recalled the 25th anniversary of the Pastasel\u00eb, Rahovec and Burim, Malishev\u00eb massacres - President of the Republic of Kosovo - DR. VJOSA OSMANI - SADRIU -\",\"breadcrumb\":{\"@id\":\"https:\/\/president-ksgov.net\/en\/president-osmani-recalled-the-25th-anniversary-of-the-pastasele-rahovec-and-burim-malisheve-massacres\/#breadcrumb\"},\"inLanguage\":\"en-US\",\"potentialAction\":[{\"@type\":\"ReadAction\",\"target\":[\"https:\/\/president-ksgov.net\/en\/president-osmani-recalled-the-25th-anniversary-of-the-pastasele-rahovec-and-burim-malisheve-massacres\/\"]}]},{\"@type\":\"ImageObject\",\"inLanguage\":\"en-US\",\"@id\":\"https:\/\/president-ksgov.net\/en\/president-osmani-recalled-the-25th-anniversary-of-the-pastasele-rahovec-and-burim-malisheve-massacres\/#primaryimage\",\"url\":\"https:\/\/president-ksgov.net\/wp-content\/uploads\/Masakra-e-Pastaselit_1.jpg\",\"contentUrl\":\"https:\/\/president-ksgov.net\/wp-content\/uploads\/Masakra-e-Pastaselit_1.jpg\",\"width\":2000,\"height\":1333},{\"@type\":\"BreadcrumbList\",\"@id\":\"https:\/\/president-ksgov.net\/en\/president-osmani-recalled-the-25th-anniversary-of-the-pastasele-rahovec-and-burim-malisheve-massacres\/#breadcrumb\",\"itemListElement\":[{\"@type\":\"ListItem\",\"position\":1,\"name\":\"Home\",\"item\":\"https:\/\/president-ksgov.net\/en\/\"},{\"@type\":\"ListItem\",\"position\":2,\"name\":\"President Osmani recalled the 25th anniversary of the Pastasel\u00eb, Rahovec and Burim, Malishev\u00eb massacres\"}]},{\"@type\":\"WebSite\",\"@id\":\"https:\/\/president-ksgov.net\/#website\",\"url\":\"https:\/\/president-ksgov.net\/\",\"name\":\"Presidente e Republik\u00ebs s\u00eb Kosov\u00ebs\",\"description\":\"Presidente e Republik\u00ebs s\u00eb Kosov\u00ebs\",\"alternateName\":\"DR. VJOSA OSMANI - SADRIU\",\"potentialAction\":[{\"@type\":\"SearchAction\",\"target\":{\"@type\":\"EntryPoint\",\"urlTemplate\":\"https:\/\/president-ksgov.net\/?s={search_term_string}\"},\"query-input\":{\"@type\":\"PropertyValueSpecification\",\"valueRequired\":true,\"valueName\":\"search_term_string\"}}],\"inLanguage\":\"en-US\"},{\"@type\":\"Person\",\"@id\":\"https:\/\/president-ksgov.net\/#\/schema\/person\/1a2c014cffc81ec60d5a452a36d08d92\",\"name\":\"presidentlogin\",\"image\":{\"@type\":\"ImageObject\",\"inLanguage\":\"en-US\",\"@id\":\"https:\/\/president-ksgov.net\/#\/schema\/person\/image\/\",\"url\":\"https:\/\/secure.gravatar.com\/avatar\/339f00ab0a8a0d5ce1ecff10aa2b4a1f51f58bbd5a57793f8cd6ad624080d807?s=96&d=mm&r=g\",\"contentUrl\":\"https:\/\/secure.gravatar.com\/avatar\/339f00ab0a8a0d5ce1ecff10aa2b4a1f51f58bbd5a57793f8cd6ad624080d807?s=96&d=mm&r=g\",\"caption\":\"presidentlogin\"}}]}<\/script>\n<!-- \/ Yoast SEO plugin. -->","yoast_head_json":{"title":"President Osmani recalled the 25th anniversary of the Pastasel\u00eb, Rahovec and Burim, Malishev\u00eb massacres - President of the Republic of Kosovo - DR. VJOSA OSMANI - SADRIU","description":"President Osmani recalled the 25th anniversary of the Pastasel\u00eb, Rahovec and Burim, Malishev\u00eb massacres - President of the Republic of Kosovo - DR. VJOSA OSMANI - SADRIU -","robots":{"index":"index","follow":"follow","max-snippet":"max-snippet:-1","max-image-preview":"max-image-preview:large","max-video-preview":"max-video-preview:-1"},"canonical":"https:\/\/president-ksgov.net\/en\/president-osmani-recalled-the-25th-anniversary-of-the-pastasele-rahovec-and-burim-malisheve-massacres\/","og_locale":"en_US","og_type":"article","og_title":"President Osmani recalled the 25th anniversary of the Pastasel\u00eb, Rahovec and Burim, Malishev\u00eb massacres - President of the Republic of Kosovo - DR. VJOSA OSMANI - SADRIU","og_description":"President Osmani recalled the 25th anniversary of the Pastasel\u00eb, Rahovec and Burim, Malishev\u00eb massacres - President of the Republic of Kosovo - DR. VJOSA OSMANI - SADRIU -","og_url":"https:\/\/president-ksgov.net\/en\/president-osmani-recalled-the-25th-anniversary-of-the-pastasele-rahovec-and-burim-malisheve-massacres\/","og_site_name":"President of the Republic of Kosovo - DR. VJOSA OSMANI - SADRIU","article_published_time":"2024-03-31T09:00:14+00:00","article_modified_time":"2024-04-02T07:52:42+00:00","og_image":[{"width":2000,"height":1333,"url":"https:\/\/president-ksgov.net\/wp-content\/uploads\/Masakra-e-Pastaselit_1.jpg","type":"image\/jpeg"}],"author":"presidentlogin","twitter_card":"summary_large_image","twitter_misc":{"Written by":"presidentlogin","Est. reading time":"1 minute"},"schema":{"@context":"https:\/\/schema.org","@graph":[{"@type":"WebPage","@id":"https:\/\/president-ksgov.net\/en\/president-osmani-recalled-the-25th-anniversary-of-the-pastasele-rahovec-and-burim-malisheve-massacres\/","url":"https:\/\/president-ksgov.net\/en\/president-osmani-recalled-the-25th-anniversary-of-the-pastasele-rahovec-and-burim-malisheve-massacres\/","name":"President Osmani recalled the 25th anniversary of the Pastasel\u00eb, Rahovec and Burim, Malishev\u00eb massacres - President of the Republic of Kosovo - DR. VJOSA OSMANI - SADRIU","isPartOf":{"@id":"https:\/\/president-ksgov.net\/#website"},"primaryImageOfPage":{"@id":"https:\/\/president-ksgov.net\/en\/president-osmani-recalled-the-25th-anniversary-of-the-pastasele-rahovec-and-burim-malisheve-massacres\/#primaryimage"},"image":{"@id":"https:\/\/president-ksgov.net\/en\/president-osmani-recalled-the-25th-anniversary-of-the-pastasele-rahovec-and-burim-malisheve-massacres\/#primaryimage"},"thumbnailUrl":"https:\/\/president-ksgov.net\/wp-content\/uploads\/Masakra-e-Pastaselit_1.jpg","datePublished":"2024-03-31T09:00:14+00:00","dateModified":"2024-04-02T07:52:42+00:00","author":{"@id":"https:\/\/president-ksgov.net\/#\/schema\/person\/1a2c014cffc81ec60d5a452a36d08d92"},"description":"President Osmani recalled the 25th anniversary of the Pastasel\u00eb, Rahovec and Burim, Malishev\u00eb massacres - President of the Republic of Kosovo - DR. VJOSA OSMANI - SADRIU -","breadcrumb":{"@id":"https:\/\/president-ksgov.net\/en\/president-osmani-recalled-the-25th-anniversary-of-the-pastasele-rahovec-and-burim-malisheve-massacres\/#breadcrumb"},"inLanguage":"en-US","potentialAction":[{"@type":"ReadAction","target":["https:\/\/president-ksgov.net\/en\/president-osmani-recalled-the-25th-anniversary-of-the-pastasele-rahovec-and-burim-malisheve-massacres\/"]}]},{"@type":"ImageObject","inLanguage":"en-US","@id":"https:\/\/president-ksgov.net\/en\/president-osmani-recalled-the-25th-anniversary-of-the-pastasele-rahovec-and-burim-malisheve-massacres\/#primaryimage","url":"https:\/\/president-ksgov.net\/wp-content\/uploads\/Masakra-e-Pastaselit_1.jpg","contentUrl":"https:\/\/president-ksgov.net\/wp-content\/uploads\/Masakra-e-Pastaselit_1.jpg","width":2000,"height":1333},{"@type":"BreadcrumbList","@id":"https:\/\/president-ksgov.net\/en\/president-osmani-recalled-the-25th-anniversary-of-the-pastasele-rahovec-and-burim-malisheve-massacres\/#breadcrumb","itemListElement":[{"@type":"ListItem","position":1,"name":"Home","item":"https:\/\/president-ksgov.net\/en\/"},{"@type":"ListItem","position":2,"name":"President Osmani recalled the 25th anniversary of the Pastasel\u00eb, Rahovec and Burim, Malishev\u00eb massacres"}]},{"@type":"WebSite","@id":"https:\/\/president-ksgov.net\/#website","url":"https:\/\/president-ksgov.net\/","name":"Presidente e Republik\u00ebs s\u00eb Kosov\u00ebs","description":"Presidente e Republik\u00ebs s\u00eb Kosov\u00ebs","alternateName":"DR. VJOSA OSMANI - SADRIU","potentialAction":[{"@type":"SearchAction","target":{"@type":"EntryPoint","urlTemplate":"https:\/\/president-ksgov.net\/?s={search_term_string}"},"query-input":{"@type":"PropertyValueSpecification","valueRequired":true,"valueName":"search_term_string"}}],"inLanguage":"en-US"},{"@type":"Person","@id":"https:\/\/president-ksgov.net\/#\/schema\/person\/1a2c014cffc81ec60d5a452a36d08d92","name":"presidentlogin","image":{"@type":"ImageObject","inLanguage":"en-US","@id":"https:\/\/president-ksgov.net\/#\/schema\/person\/image\/","url":"https:\/\/secure.gravatar.com\/avatar\/339f00ab0a8a0d5ce1ecff10aa2b4a1f51f58bbd5a57793f8cd6ad624080d807?s=96&d=mm&r=g","contentUrl":"https:\/\/secure.gravatar.com\/avatar\/339f00ab0a8a0d5ce1ecff10aa2b4a1f51f58bbd5a57793f8cd6ad624080d807?s=96&d=mm&r=g","caption":"presidentlogin"}}]}},"_links":{"self":[{"href":"https:\/\/president-ksgov.net\/en\/wp-json\/wp\/v2\/posts\/103033","targetHints":{"allow":["GET"]}}],"collection":[{"href":"https:\/\/president-ksgov.net\/en\/wp-json\/wp\/v2\/posts"}],"about":[{"href":"https:\/\/president-ksgov.net\/en\/wp-json\/wp\/v2\/types\/post"}],"author":[{"embeddable":true,"href":"https:\/\/president-ksgov.net\/en\/wp-json\/wp\/v2\/users\/11"}],"replies":[{"embeddable":true,"href":"https:\/\/president-ksgov.net\/en\/wp-json\/wp\/v2\/comments?post=103033"}],"version-history":[{"count":1,"href":"https:\/\/president-ksgov.net\/en\/wp-json\/wp\/v2\/posts\/103033\/revisions"}],"predecessor-version":[{"id":103035,"href":"https:\/\/president-ksgov.net\/en\/wp-json\/wp\/v2\/posts\/103033\/revisions\/103035"}],"wp:featuredmedia":[{"embeddable":true,"href":"https:\/\/president-ksgov.net\/en\/wp-json\/wp\/v2\/media\/103013"}],"wp:attachment":[{"href":"https:\/\/president-ksgov.net\/en\/wp-json\/wp\/v2\/media?parent=103033"}],"wp:term":[{"taxonomy":"category","embeddable":true,"href":"https:\/\/president-ksgov.net\/en\/wp-json\/wp\/v2\/categories?post=103033"},{"taxonomy":"post_tag","embeddable":true,"href":"https:\/\/president-ksgov.net\/en\/wp-json\/wp\/v2\/tags?post=103033"}],"curies":[{"name":"wp","href":"https:\/\/api.w.org\/{rel}","templated":true}]}}