{"id":102968,"date":"2024-03-28T09:40:38","date_gmt":"2024-03-28T08:40:38","guid":{"rendered":"https:\/\/president-ksgov.net\/?p=102968"},"modified":"2024-03-28T11:15:54","modified_gmt":"2024-03-28T10:15:54","slug":"president-osmani-commemorated-the-25th-anniversary-of-the-izbica-massacre","status":"publish","type":"post","link":"https:\/\/president-ksgov.net\/en\/president-osmani-commemorated-the-25th-anniversary-of-the-izbica-massacre\/","title":{"rendered":"President Osmani commemorated the 25th anniversary of the Izbica massacre"},"content":{"rendered":"<p>Historical memory is in function of respecting our past, documenting it, as well as building the future.<\/p>\n<p>Therefore, today we remember the 25th anniversary of the Izbica massacre, when the Serbian genocidal forces massacred 147 civilians, including the 6-month-old girl, Dafina Qelaj. She and the others were killed in their homes just because they were Albanians.<\/p>\n<p>The cruelty in Izbica remains engraved in our memory, bringing to our attention the price of freedom.<\/p>\n<p>In an attempt to hide the traces of the crime, the civilian victims of the genocidal regime of Serbia were buried in mass cemeteries in Petrovo Selo in Belgrade, in Novolan and in Bistrica.<\/p>\n<p>We will always keep the memory of Izbica and all the massacres all over Kosovo alive as a testimony to the difficult path we went through and as a permanent request for justice.<\/p>\n<p>May the memory of the 147 killed in Izbica never be forgotten!<\/p>\n<p>&nbsp;<\/p>\n","protected":false},"excerpt":{"rendered":"<p>Historical memory is in function of respecting our past, documenting it, as well as building the future. Therefore, today we remember the 25th anniversary of the Izbica massacre, when the Serbian genocidal forces massacred 147 civilians, including the 6-month-old girl, Dafina Qelaj. She and the others were killed in their homes just because they were Albanians. The cruelty in Izbica remains engraved in our memory, bringing to our attention the price of freedom. In an attempt to hide the traces of the crime, the civilian victims of the genocidal regime of Serbia were buried in mass cemeteries in Petrovo Selo in Belgrade, in Novolan and in Bistrica. We will always keep the memory of Izbica and all the massacres all over Kosovo alive as a testimony to the difficult path we went through and as a permanent request for justice. May the memory of the 147 killed in Izbica never be forgotten! &nbsp;<\/p>\n","protected":false},"author":11,"featured_media":102965,"comment_status":"open","ping_status":"closed","sticky":false,"template":"","format":"standard","meta":{"_eb_attr":"","footnotes":""},"categories":[111],"tags":[],"class_list":["post-102968","post","type-post","status-publish","format-standard","has-post-thumbnail","hentry","category-news"],"yoast_head":"<!-- This site is optimized with the Yoast SEO plugin v23.5 - https:\/\/yoast.com\/wordpress\/plugins\/seo\/ -->\n<title>President Osmani commemorated the 25th anniversary of the Izbica massacre - President of the Republic of Kosovo - DR. VJOSA OSMANI - SADRIU<\/title>\n<meta name=\"description\" content=\"President Osmani commemorated the 25th anniversary of the Izbica massacre - President of the Republic of Kosovo - DR. VJOSA OSMANI - SADRIU -\" \/>\n<meta name=\"robots\" content=\"index, follow, max-snippet:-1, max-image-preview:large, max-video-preview:-1\" \/>\n<link rel=\"canonical\" href=\"https:\/\/president-ksgov.net\/en\/president-osmani-commemorated-the-25th-anniversary-of-the-izbica-massacre\/\" \/>\n<meta property=\"og:locale\" content=\"en_US\" \/>\n<meta property=\"og:type\" content=\"article\" \/>\n<meta property=\"og:title\" content=\"President Osmani commemorated the 25th anniversary of the Izbica massacre - President of the Republic of Kosovo - DR. VJOSA OSMANI - SADRIU\" \/>\n<meta property=\"og:description\" content=\"President Osmani commemorated the 25th anniversary of the Izbica massacre - President of the Republic of Kosovo - DR. VJOSA OSMANI - SADRIU -\" \/>\n<meta property=\"og:url\" content=\"https:\/\/president-ksgov.net\/en\/president-osmani-commemorated-the-25th-anniversary-of-the-izbica-massacre\/\" \/>\n<meta property=\"og:site_name\" content=\"President of the Republic of Kosovo - DR. VJOSA OSMANI - SADRIU\" \/>\n<meta property=\"article:published_time\" content=\"2024-03-28T08:40:38+00:00\" \/>\n<meta property=\"article:modified_time\" content=\"2024-03-28T10:15:54+00:00\" \/>\n<meta property=\"og:image\" content=\"https:\/\/president-ksgov.net\/wp-content\/uploads\/DSC_0806-1024x682.jpg\" \/>\n\t<meta property=\"og:image:width\" content=\"1024\" \/>\n\t<meta property=\"og:image:height\" content=\"682\" \/>\n\t<meta property=\"og:image:type\" content=\"image\/jpeg\" \/>\n<meta name=\"author\" content=\"presidentlogin\" \/>\n<meta name=\"twitter:card\" content=\"summary_large_image\" \/>\n<meta name=\"twitter:label1\" content=\"Written by\" \/>\n\t<meta name=\"twitter:data1\" content=\"presidentlogin\" \/>\n\t<meta name=\"twitter:label2\" content=\"Est. reading time\" \/>\n\t<meta name=\"twitter:data2\" content=\"2 minutes\" \/>\n<script type=\"application\/ld+json\" class=\"yoast-schema-graph\">{\"@context\":\"https:\/\/schema.org\",\"@graph\":[{\"@type\":\"WebPage\",\"@id\":\"https:\/\/president-ksgov.net\/en\/president-osmani-commemorated-the-25th-anniversary-of-the-izbica-massacre\/\",\"url\":\"https:\/\/president-ksgov.net\/en\/president-osmani-commemorated-the-25th-anniversary-of-the-izbica-massacre\/\",\"name\":\"President Osmani commemorated the 25th anniversary of the Izbica massacre - President of the Republic of Kosovo - DR. VJOSA OSMANI - SADRIU\",\"isPartOf\":{\"@id\":\"https:\/\/president-ksgov.net\/#website\"},\"primaryImageOfPage\":{\"@id\":\"https:\/\/president-ksgov.net\/en\/president-osmani-commemorated-the-25th-anniversary-of-the-izbica-massacre\/#primaryimage\"},\"image\":{\"@id\":\"https:\/\/president-ksgov.net\/en\/president-osmani-commemorated-the-25th-anniversary-of-the-izbica-massacre\/#primaryimage\"},\"thumbnailUrl\":\"https:\/\/president-ksgov.net\/wp-content\/uploads\/DSC_0806.jpg\",\"datePublished\":\"2024-03-28T08:40:38+00:00\",\"dateModified\":\"2024-03-28T10:15:54+00:00\",\"author\":{\"@id\":\"https:\/\/president-ksgov.net\/#\/schema\/person\/1a2c014cffc81ec60d5a452a36d08d92\"},\"description\":\"President Osmani commemorated the 25th anniversary of the Izbica massacre - President of the Republic of Kosovo - DR. VJOSA OSMANI - SADRIU -\",\"breadcrumb\":{\"@id\":\"https:\/\/president-ksgov.net\/en\/president-osmani-commemorated-the-25th-anniversary-of-the-izbica-massacre\/#breadcrumb\"},\"inLanguage\":\"en-US\",\"potentialAction\":[{\"@type\":\"ReadAction\",\"target\":[\"https:\/\/president-ksgov.net\/en\/president-osmani-commemorated-the-25th-anniversary-of-the-izbica-massacre\/\"]}]},{\"@type\":\"ImageObject\",\"inLanguage\":\"en-US\",\"@id\":\"https:\/\/president-ksgov.net\/en\/president-osmani-commemorated-the-25th-anniversary-of-the-izbica-massacre\/#primaryimage\",\"url\":\"https:\/\/president-ksgov.net\/wp-content\/uploads\/DSC_0806.jpg\",\"contentUrl\":\"https:\/\/president-ksgov.net\/wp-content\/uploads\/DSC_0806.jpg\",\"width\":2000,\"height\":1333},{\"@type\":\"BreadcrumbList\",\"@id\":\"https:\/\/president-ksgov.net\/en\/president-osmani-commemorated-the-25th-anniversary-of-the-izbica-massacre\/#breadcrumb\",\"itemListElement\":[{\"@type\":\"ListItem\",\"position\":1,\"name\":\"Home\",\"item\":\"https:\/\/president-ksgov.net\/en\/\"},{\"@type\":\"ListItem\",\"position\":2,\"name\":\"President Osmani commemorated the 25th anniversary of the Izbica massacre\"}]},{\"@type\":\"WebSite\",\"@id\":\"https:\/\/president-ksgov.net\/#website\",\"url\":\"https:\/\/president-ksgov.net\/\",\"name\":\"Presidente e Republik\u00ebs s\u00eb Kosov\u00ebs\",\"description\":\"Presidente e Republik\u00ebs s\u00eb Kosov\u00ebs\",\"alternateName\":\"DR. VJOSA OSMANI - SADRIU\",\"potentialAction\":[{\"@type\":\"SearchAction\",\"target\":{\"@type\":\"EntryPoint\",\"urlTemplate\":\"https:\/\/president-ksgov.net\/?s={search_term_string}\"},\"query-input\":{\"@type\":\"PropertyValueSpecification\",\"valueRequired\":true,\"valueName\":\"search_term_string\"}}],\"inLanguage\":\"en-US\"},{\"@type\":\"Person\",\"@id\":\"https:\/\/president-ksgov.net\/#\/schema\/person\/1a2c014cffc81ec60d5a452a36d08d92\",\"name\":\"presidentlogin\",\"image\":{\"@type\":\"ImageObject\",\"inLanguage\":\"en-US\",\"@id\":\"https:\/\/president-ksgov.net\/#\/schema\/person\/image\/\",\"url\":\"https:\/\/secure.gravatar.com\/avatar\/339f00ab0a8a0d5ce1ecff10aa2b4a1f51f58bbd5a57793f8cd6ad624080d807?s=96&d=mm&r=g\",\"contentUrl\":\"https:\/\/secure.gravatar.com\/avatar\/339f00ab0a8a0d5ce1ecff10aa2b4a1f51f58bbd5a57793f8cd6ad624080d807?s=96&d=mm&r=g\",\"caption\":\"presidentlogin\"}}]}<\/script>\n<!-- \/ Yoast SEO plugin. -->","yoast_head_json":{"title":"President Osmani commemorated the 25th anniversary of the Izbica massacre - President of the Republic of Kosovo - DR. VJOSA OSMANI - SADRIU","description":"President Osmani commemorated the 25th anniversary of the Izbica massacre - President of the Republic of Kosovo - DR. VJOSA OSMANI - SADRIU -","robots":{"index":"index","follow":"follow","max-snippet":"max-snippet:-1","max-image-preview":"max-image-preview:large","max-video-preview":"max-video-preview:-1"},"canonical":"https:\/\/president-ksgov.net\/en\/president-osmani-commemorated-the-25th-anniversary-of-the-izbica-massacre\/","og_locale":"en_US","og_type":"article","og_title":"President Osmani commemorated the 25th anniversary of the Izbica massacre - President of the Republic of Kosovo - DR. VJOSA OSMANI - SADRIU","og_description":"President Osmani commemorated the 25th anniversary of the Izbica massacre - President of the Republic of Kosovo - DR. VJOSA OSMANI - SADRIU -","og_url":"https:\/\/president-ksgov.net\/en\/president-osmani-commemorated-the-25th-anniversary-of-the-izbica-massacre\/","og_site_name":"President of the Republic of Kosovo - DR. VJOSA OSMANI - SADRIU","article_published_time":"2024-03-28T08:40:38+00:00","article_modified_time":"2024-03-28T10:15:54+00:00","og_image":[{"width":1024,"height":682,"url":"https:\/\/president-ksgov.net\/wp-content\/uploads\/DSC_0806-1024x682.jpg","type":"image\/jpeg"}],"author":"presidentlogin","twitter_card":"summary_large_image","twitter_misc":{"Written by":"presidentlogin","Est. reading time":"2 minutes"},"schema":{"@context":"https:\/\/schema.org","@graph":[{"@type":"WebPage","@id":"https:\/\/president-ksgov.net\/en\/president-osmani-commemorated-the-25th-anniversary-of-the-izbica-massacre\/","url":"https:\/\/president-ksgov.net\/en\/president-osmani-commemorated-the-25th-anniversary-of-the-izbica-massacre\/","name":"President Osmani commemorated the 25th anniversary of the Izbica massacre - President of the Republic of Kosovo - DR. VJOSA OSMANI - SADRIU","isPartOf":{"@id":"https:\/\/president-ksgov.net\/#website"},"primaryImageOfPage":{"@id":"https:\/\/president-ksgov.net\/en\/president-osmani-commemorated-the-25th-anniversary-of-the-izbica-massacre\/#primaryimage"},"image":{"@id":"https:\/\/president-ksgov.net\/en\/president-osmani-commemorated-the-25th-anniversary-of-the-izbica-massacre\/#primaryimage"},"thumbnailUrl":"https:\/\/president-ksgov.net\/wp-content\/uploads\/DSC_0806.jpg","datePublished":"2024-03-28T08:40:38+00:00","dateModified":"2024-03-28T10:15:54+00:00","author":{"@id":"https:\/\/president-ksgov.net\/#\/schema\/person\/1a2c014cffc81ec60d5a452a36d08d92"},"description":"President Osmani commemorated the 25th anniversary of the Izbica massacre - President of the Republic of Kosovo - DR. VJOSA OSMANI - SADRIU -","breadcrumb":{"@id":"https:\/\/president-ksgov.net\/en\/president-osmani-commemorated-the-25th-anniversary-of-the-izbica-massacre\/#breadcrumb"},"inLanguage":"en-US","potentialAction":[{"@type":"ReadAction","target":["https:\/\/president-ksgov.net\/en\/president-osmani-commemorated-the-25th-anniversary-of-the-izbica-massacre\/"]}]},{"@type":"ImageObject","inLanguage":"en-US","@id":"https:\/\/president-ksgov.net\/en\/president-osmani-commemorated-the-25th-anniversary-of-the-izbica-massacre\/#primaryimage","url":"https:\/\/president-ksgov.net\/wp-content\/uploads\/DSC_0806.jpg","contentUrl":"https:\/\/president-ksgov.net\/wp-content\/uploads\/DSC_0806.jpg","width":2000,"height":1333},{"@type":"BreadcrumbList","@id":"https:\/\/president-ksgov.net\/en\/president-osmani-commemorated-the-25th-anniversary-of-the-izbica-massacre\/#breadcrumb","itemListElement":[{"@type":"ListItem","position":1,"name":"Home","item":"https:\/\/president-ksgov.net\/en\/"},{"@type":"ListItem","position":2,"name":"President Osmani commemorated the 25th anniversary of the Izbica massacre"}]},{"@type":"WebSite","@id":"https:\/\/president-ksgov.net\/#website","url":"https:\/\/president-ksgov.net\/","name":"Presidente e Republik\u00ebs s\u00eb Kosov\u00ebs","description":"Presidente e Republik\u00ebs s\u00eb Kosov\u00ebs","alternateName":"DR. VJOSA OSMANI - SADRIU","potentialAction":[{"@type":"SearchAction","target":{"@type":"EntryPoint","urlTemplate":"https:\/\/president-ksgov.net\/?s={search_term_string}"},"query-input":{"@type":"PropertyValueSpecification","valueRequired":true,"valueName":"search_term_string"}}],"inLanguage":"en-US"},{"@type":"Person","@id":"https:\/\/president-ksgov.net\/#\/schema\/person\/1a2c014cffc81ec60d5a452a36d08d92","name":"presidentlogin","image":{"@type":"ImageObject","inLanguage":"en-US","@id":"https:\/\/president-ksgov.net\/#\/schema\/person\/image\/","url":"https:\/\/secure.gravatar.com\/avatar\/339f00ab0a8a0d5ce1ecff10aa2b4a1f51f58bbd5a57793f8cd6ad624080d807?s=96&d=mm&r=g","contentUrl":"https:\/\/secure.gravatar.com\/avatar\/339f00ab0a8a0d5ce1ecff10aa2b4a1f51f58bbd5a57793f8cd6ad624080d807?s=96&d=mm&r=g","caption":"presidentlogin"}}]}},"_links":{"self":[{"href":"https:\/\/president-ksgov.net\/en\/wp-json\/wp\/v2\/posts\/102968","targetHints":{"allow":["GET"]}}],"collection":[{"href":"https:\/\/president-ksgov.net\/en\/wp-json\/wp\/v2\/posts"}],"about":[{"href":"https:\/\/president-ksgov.net\/en\/wp-json\/wp\/v2\/types\/post"}],"author":[{"embeddable":true,"href":"https:\/\/president-ksgov.net\/en\/wp-json\/wp\/v2\/users\/11"}],"replies":[{"embeddable":true,"href":"https:\/\/president-ksgov.net\/en\/wp-json\/wp\/v2\/comments?post=102968"}],"version-history":[{"count":1,"href":"https:\/\/president-ksgov.net\/en\/wp-json\/wp\/v2\/posts\/102968\/revisions"}],"predecessor-version":[{"id":102969,"href":"https:\/\/president-ksgov.net\/en\/wp-json\/wp\/v2\/posts\/102968\/revisions\/102969"}],"wp:featuredmedia":[{"embeddable":true,"href":"https:\/\/president-ksgov.net\/en\/wp-json\/wp\/v2\/media\/102965"}],"wp:attachment":[{"href":"https:\/\/president-ksgov.net\/en\/wp-json\/wp\/v2\/media?parent=102968"}],"wp:term":[{"taxonomy":"category","embeddable":true,"href":"https:\/\/president-ksgov.net\/en\/wp-json\/wp\/v2\/categories?post=102968"},{"taxonomy":"post_tag","embeddable":true,"href":"https:\/\/president-ksgov.net\/en\/wp-json\/wp\/v2\/tags?post=102968"}],"curies":[{"name":"wp","href":"https:\/\/api.w.org\/{rel}","templated":true}]}}