{"id":102958,"date":"2024-03-25T14:00:12","date_gmt":"2024-03-25T13:00:12","guid":{"rendered":"https:\/\/president-ksgov.net\/?p=102958"},"modified":"2024-03-28T09:22:41","modified_gmt":"2024-03-28T08:22:41","slug":"commemoration-of-the-25th-anniversary-of-the-kotlina-massacre","status":"publish","type":"post","link":"https:\/\/president-ksgov.net\/en\/commemoration-of-the-25th-anniversary-of-the-kotlina-massacre\/","title":{"rendered":"Commemoration of the 25th anniversary of the Kotlina Massacre"},"content":{"rendered":"<p>At the commemorative event held on the 25th anniversary of the Kotlina Massacre, attended on behalf of the President of the Republic of Kosovo Mrs. Vjosa Osmani Sadriu by the military advisor, Brigadier General Sefer Isufi, who paid homage and placed flowers at the martyrs&#8217; cemetery.<\/p>\n<p>In his address to the audience on behalf of President Osmani, General Isufi said that on March 24th, 1999, the forces of the Serbian genocidal regime , killed and massacred 14 citizens in the village of Kotlina, while in defense of the population 11 KLA fighters were killed that day.<\/p>\n<p>According to him, 25 years later, the call for justice is strong and continuous from the country&#8217;s freedom-loving and peace-loving institutions and citizens.<\/p>\n<p>&#8220;Freedom and peace only make sense when perpetrators and those responsible are brought to justice! The massacre in Kotlina is our constant pain, historical memory and sacrifice for the freedom of the country&#8221;, stated General Isufi.<\/p>\n","protected":false},"excerpt":{"rendered":"<p>At the commemorative event held on the 25th anniversary of the Kotlina Massacre, attended on behalf of the President of the Republic of Kosovo Mrs. Vjosa Osmani Sadriu by the military advisor, Brigadier General Sefer Isufi, who paid homage and placed flowers at the martyrs&#8217; cemetery. In his address to the audience on behalf of President Osmani, General Isufi said that on March 24th, 1999, the forces of the Serbian genocidal regime , killed and massacred 14 citizens in the village of Kotlina, while in defense of the population 11 KLA fighters were killed that day. According to him, 25 years later, the call for justice is strong and continuous from the country&#8217;s freedom-loving and peace-loving institutions and citizens. &#8220;Freedom and peace only make sense when perpetrators and those responsible are brought to justice! The massacre in Kotlina is our constant pain, historical memory and sacrifice for the freedom of the country&#8221;, stated General Isufi.<\/p>\n","protected":false},"author":11,"featured_media":102931,"comment_status":"open","ping_status":"closed","sticky":false,"template":"","format":"standard","meta":{"_eb_attr":"","footnotes":""},"categories":[111],"tags":[],"class_list":["post-102958","post","type-post","status-publish","format-standard","has-post-thumbnail","hentry","category-news"],"yoast_head":"<!-- This site is optimized with the Yoast SEO plugin v23.5 - https:\/\/yoast.com\/wordpress\/plugins\/seo\/ -->\n<title>Commemoration of the 25th anniversary of the Kotlina Massacre - President of the Republic of Kosovo - DR. VJOSA OSMANI - SADRIU<\/title>\n<meta name=\"description\" content=\"Commemoration of the 25th anniversary of the Kotlina Massacre - President of the Republic of Kosovo - DR. VJOSA OSMANI - SADRIU -\" \/>\n<meta name=\"robots\" content=\"index, follow, max-snippet:-1, max-image-preview:large, max-video-preview:-1\" \/>\n<link rel=\"canonical\" href=\"https:\/\/president-ksgov.net\/en\/commemoration-of-the-25th-anniversary-of-the-kotlina-massacre\/\" \/>\n<meta property=\"og:locale\" content=\"en_US\" \/>\n<meta property=\"og:type\" content=\"article\" \/>\n<meta property=\"og:title\" content=\"Commemoration of the 25th anniversary of the Kotlina Massacre - President of the Republic of Kosovo - DR. VJOSA OSMANI - SADRIU\" \/>\n<meta property=\"og:description\" content=\"Commemoration of the 25th anniversary of the Kotlina Massacre - President of the Republic of Kosovo - DR. VJOSA OSMANI - SADRIU -\" \/>\n<meta property=\"og:url\" content=\"https:\/\/president-ksgov.net\/en\/commemoration-of-the-25th-anniversary-of-the-kotlina-massacre\/\" \/>\n<meta property=\"og:site_name\" content=\"President of the Republic of Kosovo - DR. VJOSA OSMANI - SADRIU\" \/>\n<meta property=\"article:published_time\" content=\"2024-03-25T13:00:12+00:00\" \/>\n<meta property=\"article:modified_time\" content=\"2024-03-28T08:22:41+00:00\" \/>\n<meta property=\"og:image\" content=\"https:\/\/president-ksgov.net\/wp-content\/uploads\/0.jpeg\" \/>\n\t<meta property=\"og:image:width\" content=\"1200\" \/>\n\t<meta property=\"og:image:height\" content=\"1600\" \/>\n\t<meta property=\"og:image:type\" content=\"image\/jpeg\" \/>\n<meta name=\"author\" content=\"presidentlogin\" \/>\n<meta name=\"twitter:card\" content=\"summary_large_image\" \/>\n<meta name=\"twitter:label1\" content=\"Written by\" \/>\n\t<meta name=\"twitter:data1\" content=\"presidentlogin\" \/>\n\t<meta name=\"twitter:label2\" content=\"Est. reading time\" \/>\n\t<meta name=\"twitter:data2\" content=\"2 minutes\" \/>\n<script type=\"application\/ld+json\" class=\"yoast-schema-graph\">{\"@context\":\"https:\/\/schema.org\",\"@graph\":[{\"@type\":\"WebPage\",\"@id\":\"https:\/\/president-ksgov.net\/en\/commemoration-of-the-25th-anniversary-of-the-kotlina-massacre\/\",\"url\":\"https:\/\/president-ksgov.net\/en\/commemoration-of-the-25th-anniversary-of-the-kotlina-massacre\/\",\"name\":\"Commemoration of the 25th anniversary of the Kotlina Massacre - President of the Republic of Kosovo - DR. VJOSA OSMANI - SADRIU\",\"isPartOf\":{\"@id\":\"https:\/\/president-ksgov.net\/#website\"},\"primaryImageOfPage\":{\"@id\":\"https:\/\/president-ksgov.net\/en\/commemoration-of-the-25th-anniversary-of-the-kotlina-massacre\/#primaryimage\"},\"image\":{\"@id\":\"https:\/\/president-ksgov.net\/en\/commemoration-of-the-25th-anniversary-of-the-kotlina-massacre\/#primaryimage\"},\"thumbnailUrl\":\"https:\/\/president-ksgov.net\/wp-content\/uploads\/0.jpeg\",\"datePublished\":\"2024-03-25T13:00:12+00:00\",\"dateModified\":\"2024-03-28T08:22:41+00:00\",\"author\":{\"@id\":\"https:\/\/president-ksgov.net\/#\/schema\/person\/1a2c014cffc81ec60d5a452a36d08d92\"},\"description\":\"Commemoration of the 25th anniversary of the Kotlina Massacre - President of the Republic of Kosovo - DR. VJOSA OSMANI - SADRIU -\",\"breadcrumb\":{\"@id\":\"https:\/\/president-ksgov.net\/en\/commemoration-of-the-25th-anniversary-of-the-kotlina-massacre\/#breadcrumb\"},\"inLanguage\":\"en-US\",\"potentialAction\":[{\"@type\":\"ReadAction\",\"target\":[\"https:\/\/president-ksgov.net\/en\/commemoration-of-the-25th-anniversary-of-the-kotlina-massacre\/\"]}]},{\"@type\":\"ImageObject\",\"inLanguage\":\"en-US\",\"@id\":\"https:\/\/president-ksgov.net\/en\/commemoration-of-the-25th-anniversary-of-the-kotlina-massacre\/#primaryimage\",\"url\":\"https:\/\/president-ksgov.net\/wp-content\/uploads\/0.jpeg\",\"contentUrl\":\"https:\/\/president-ksgov.net\/wp-content\/uploads\/0.jpeg\",\"width\":1200,\"height\":1600},{\"@type\":\"BreadcrumbList\",\"@id\":\"https:\/\/president-ksgov.net\/en\/commemoration-of-the-25th-anniversary-of-the-kotlina-massacre\/#breadcrumb\",\"itemListElement\":[{\"@type\":\"ListItem\",\"position\":1,\"name\":\"Home\",\"item\":\"https:\/\/president-ksgov.net\/en\/\"},{\"@type\":\"ListItem\",\"position\":2,\"name\":\"Commemoration of the 25th anniversary of the Kotlina Massacre\"}]},{\"@type\":\"WebSite\",\"@id\":\"https:\/\/president-ksgov.net\/#website\",\"url\":\"https:\/\/president-ksgov.net\/\",\"name\":\"Presidente e Republik\u00ebs s\u00eb Kosov\u00ebs\",\"description\":\"Presidente e Republik\u00ebs s\u00eb Kosov\u00ebs\",\"alternateName\":\"DR. VJOSA OSMANI - SADRIU\",\"potentialAction\":[{\"@type\":\"SearchAction\",\"target\":{\"@type\":\"EntryPoint\",\"urlTemplate\":\"https:\/\/president-ksgov.net\/?s={search_term_string}\"},\"query-input\":{\"@type\":\"PropertyValueSpecification\",\"valueRequired\":true,\"valueName\":\"search_term_string\"}}],\"inLanguage\":\"en-US\"},{\"@type\":\"Person\",\"@id\":\"https:\/\/president-ksgov.net\/#\/schema\/person\/1a2c014cffc81ec60d5a452a36d08d92\",\"name\":\"presidentlogin\",\"image\":{\"@type\":\"ImageObject\",\"inLanguage\":\"en-US\",\"@id\":\"https:\/\/president-ksgov.net\/#\/schema\/person\/image\/\",\"url\":\"https:\/\/secure.gravatar.com\/avatar\/339f00ab0a8a0d5ce1ecff10aa2b4a1f51f58bbd5a57793f8cd6ad624080d807?s=96&d=mm&r=g\",\"contentUrl\":\"https:\/\/secure.gravatar.com\/avatar\/339f00ab0a8a0d5ce1ecff10aa2b4a1f51f58bbd5a57793f8cd6ad624080d807?s=96&d=mm&r=g\",\"caption\":\"presidentlogin\"}}]}<\/script>\n<!-- \/ Yoast SEO plugin. -->","yoast_head_json":{"title":"Commemoration of the 25th anniversary of the Kotlina Massacre - President of the Republic of Kosovo - DR. VJOSA OSMANI - SADRIU","description":"Commemoration of the 25th anniversary of the Kotlina Massacre - President of the Republic of Kosovo - DR. VJOSA OSMANI - SADRIU -","robots":{"index":"index","follow":"follow","max-snippet":"max-snippet:-1","max-image-preview":"max-image-preview:large","max-video-preview":"max-video-preview:-1"},"canonical":"https:\/\/president-ksgov.net\/en\/commemoration-of-the-25th-anniversary-of-the-kotlina-massacre\/","og_locale":"en_US","og_type":"article","og_title":"Commemoration of the 25th anniversary of the Kotlina Massacre - President of the Republic of Kosovo - DR. VJOSA OSMANI - SADRIU","og_description":"Commemoration of the 25th anniversary of the Kotlina Massacre - President of the Republic of Kosovo - DR. VJOSA OSMANI - SADRIU -","og_url":"https:\/\/president-ksgov.net\/en\/commemoration-of-the-25th-anniversary-of-the-kotlina-massacre\/","og_site_name":"President of the Republic of Kosovo - DR. VJOSA OSMANI - SADRIU","article_published_time":"2024-03-25T13:00:12+00:00","article_modified_time":"2024-03-28T08:22:41+00:00","og_image":[{"width":1200,"height":1600,"url":"https:\/\/president-ksgov.net\/wp-content\/uploads\/0.jpeg","type":"image\/jpeg"}],"author":"presidentlogin","twitter_card":"summary_large_image","twitter_misc":{"Written by":"presidentlogin","Est. reading time":"2 minutes"},"schema":{"@context":"https:\/\/schema.org","@graph":[{"@type":"WebPage","@id":"https:\/\/president-ksgov.net\/en\/commemoration-of-the-25th-anniversary-of-the-kotlina-massacre\/","url":"https:\/\/president-ksgov.net\/en\/commemoration-of-the-25th-anniversary-of-the-kotlina-massacre\/","name":"Commemoration of the 25th anniversary of the Kotlina Massacre - President of the Republic of Kosovo - DR. VJOSA OSMANI - SADRIU","isPartOf":{"@id":"https:\/\/president-ksgov.net\/#website"},"primaryImageOfPage":{"@id":"https:\/\/president-ksgov.net\/en\/commemoration-of-the-25th-anniversary-of-the-kotlina-massacre\/#primaryimage"},"image":{"@id":"https:\/\/president-ksgov.net\/en\/commemoration-of-the-25th-anniversary-of-the-kotlina-massacre\/#primaryimage"},"thumbnailUrl":"https:\/\/president-ksgov.net\/wp-content\/uploads\/0.jpeg","datePublished":"2024-03-25T13:00:12+00:00","dateModified":"2024-03-28T08:22:41+00:00","author":{"@id":"https:\/\/president-ksgov.net\/#\/schema\/person\/1a2c014cffc81ec60d5a452a36d08d92"},"description":"Commemoration of the 25th anniversary of the Kotlina Massacre - President of the Republic of Kosovo - DR. VJOSA OSMANI - SADRIU -","breadcrumb":{"@id":"https:\/\/president-ksgov.net\/en\/commemoration-of-the-25th-anniversary-of-the-kotlina-massacre\/#breadcrumb"},"inLanguage":"en-US","potentialAction":[{"@type":"ReadAction","target":["https:\/\/president-ksgov.net\/en\/commemoration-of-the-25th-anniversary-of-the-kotlina-massacre\/"]}]},{"@type":"ImageObject","inLanguage":"en-US","@id":"https:\/\/president-ksgov.net\/en\/commemoration-of-the-25th-anniversary-of-the-kotlina-massacre\/#primaryimage","url":"https:\/\/president-ksgov.net\/wp-content\/uploads\/0.jpeg","contentUrl":"https:\/\/president-ksgov.net\/wp-content\/uploads\/0.jpeg","width":1200,"height":1600},{"@type":"BreadcrumbList","@id":"https:\/\/president-ksgov.net\/en\/commemoration-of-the-25th-anniversary-of-the-kotlina-massacre\/#breadcrumb","itemListElement":[{"@type":"ListItem","position":1,"name":"Home","item":"https:\/\/president-ksgov.net\/en\/"},{"@type":"ListItem","position":2,"name":"Commemoration of the 25th anniversary of the Kotlina Massacre"}]},{"@type":"WebSite","@id":"https:\/\/president-ksgov.net\/#website","url":"https:\/\/president-ksgov.net\/","name":"Presidente e Republik\u00ebs s\u00eb Kosov\u00ebs","description":"Presidente e Republik\u00ebs s\u00eb Kosov\u00ebs","alternateName":"DR. VJOSA OSMANI - SADRIU","potentialAction":[{"@type":"SearchAction","target":{"@type":"EntryPoint","urlTemplate":"https:\/\/president-ksgov.net\/?s={search_term_string}"},"query-input":{"@type":"PropertyValueSpecification","valueRequired":true,"valueName":"search_term_string"}}],"inLanguage":"en-US"},{"@type":"Person","@id":"https:\/\/president-ksgov.net\/#\/schema\/person\/1a2c014cffc81ec60d5a452a36d08d92","name":"presidentlogin","image":{"@type":"ImageObject","inLanguage":"en-US","@id":"https:\/\/president-ksgov.net\/#\/schema\/person\/image\/","url":"https:\/\/secure.gravatar.com\/avatar\/339f00ab0a8a0d5ce1ecff10aa2b4a1f51f58bbd5a57793f8cd6ad624080d807?s=96&d=mm&r=g","contentUrl":"https:\/\/secure.gravatar.com\/avatar\/339f00ab0a8a0d5ce1ecff10aa2b4a1f51f58bbd5a57793f8cd6ad624080d807?s=96&d=mm&r=g","caption":"presidentlogin"}}]}},"_links":{"self":[{"href":"https:\/\/president-ksgov.net\/en\/wp-json\/wp\/v2\/posts\/102958","targetHints":{"allow":["GET"]}}],"collection":[{"href":"https:\/\/president-ksgov.net\/en\/wp-json\/wp\/v2\/posts"}],"about":[{"href":"https:\/\/president-ksgov.net\/en\/wp-json\/wp\/v2\/types\/post"}],"author":[{"embeddable":true,"href":"https:\/\/president-ksgov.net\/en\/wp-json\/wp\/v2\/users\/11"}],"replies":[{"embeddable":true,"href":"https:\/\/president-ksgov.net\/en\/wp-json\/wp\/v2\/comments?post=102958"}],"version-history":[{"count":1,"href":"https:\/\/president-ksgov.net\/en\/wp-json\/wp\/v2\/posts\/102958\/revisions"}],"predecessor-version":[{"id":102960,"href":"https:\/\/president-ksgov.net\/en\/wp-json\/wp\/v2\/posts\/102958\/revisions\/102960"}],"wp:featuredmedia":[{"embeddable":true,"href":"https:\/\/president-ksgov.net\/en\/wp-json\/wp\/v2\/media\/102931"}],"wp:attachment":[{"href":"https:\/\/president-ksgov.net\/en\/wp-json\/wp\/v2\/media?parent=102958"}],"wp:term":[{"taxonomy":"category","embeddable":true,"href":"https:\/\/president-ksgov.net\/en\/wp-json\/wp\/v2\/categories?post=102958"},{"taxonomy":"post_tag","embeddable":true,"href":"https:\/\/president-ksgov.net\/en\/wp-json\/wp\/v2\/tags?post=102958"}],"curies":[{"name":"wp","href":"https:\/\/api.w.org\/{rel}","templated":true}]}}