{"id":102881,"date":"2024-03-26T18:26:44","date_gmt":"2024-03-26T17:26:44","guid":{"rendered":"https:\/\/president-ksgov.net\/?p=102881"},"modified":"2026-01-22T10:27:21","modified_gmt":"2026-01-22T09:27:21","slug":"president-vjosa-osmanis-address-at-the-commemorative-ceremony-of-the-25th-anniversary-of-the-krushe-e-madhe-massacre","status":"publish","type":"post","link":"https:\/\/president-ksgov.net\/en\/president-vjosa-osmanis-address-at-the-commemorative-ceremony-of-the-25th-anniversary-of-the-krushe-e-madhe-massacre\/","title":{"rendered":"President Vjosa Osmani&#8217;s address at the commemorative ceremony of the 25th anniversary of the Krush\u00eb e Madhe Massacre"},"content":{"rendered":"<p><strong>\u00a0<\/strong><strong>Dear families of Krusha e Madhe,<\/strong><\/p>\n<p><strong>\u00a0<\/strong><strong>Honourable Mayor Latifi,<\/strong><\/p>\n<p><strong>Honourable Ambassadors,<\/strong><\/p>\n<p><strong>Ambassador of the United States,<\/strong><\/p>\n<p><strong>Ambassador of Germany,<\/strong><\/p>\n<p><strong>Ambassador of Albania,<\/strong><\/p>\n<p><strong>Honourable President Sejdiu,<\/strong><\/p>\n<p><strong>Honourable Minister Haxhiu,<\/strong><\/p>\n<p><strong>Honourable Village Mayor, Mr. Hoti,<\/strong><\/p>\n<p><strong>Honourable Representatives of Organizations Emerging from the KLA War,<\/strong><\/p>\n<p><strong>Honourable Chairmen of Political Parties,<\/strong><\/p>\n<p><strong>Deputies of the Kosovo Assembly,<\/strong><\/p>\n<p><strong>Representatives of the Security Force and Other Institutions,<\/strong><\/p>\n<p><strong>Representatives of the Religious Clergy,<\/strong><\/p>\n<p><strong>Dear Family Members,<\/strong><\/p>\n<p><strong>Honourable Participants,<\/strong><\/p>\n<p><strong>\u00a0<\/strong><\/p>\n<p>Today we all gathered here together, to remember an atrocity that occurred here 25 years ago, when the genocidal regime of Serbia came to Krusha e Madhe and the surrounding villages and brutally executed hundreds of men and boys, many children and women, including pregnant women.<\/p>\n<p>&nbsp;<\/p>\n<p>Today, we are here to once again raise our voices for the bringing to light of the fate of the forcibly disappeared, among whom are over 60 residents of Krusha e Madhe, who are still among the missing, and are found in the mass graves of Serbia.<\/p>\n<p>&nbsp;<\/p>\n<p>Today, we are also here to remember the extraordinary intellectual and activist Ukshin Hoti, who is also among the forcibly disappeared.<\/p>\n<p>&nbsp;<\/p>\n<p>Above all, today we are here to institutionalize our collective memory, for one of the most terrible massacres of the war of 1999.<\/p>\n<p>&nbsp;<\/p>\n<p>The Museum of Atrocities is a testament to one of the darkest chapters of our history from the last war. This Museum is in the function of shaping our collective memory, honouring the victims, and above all in the function of our common call for justice, which is still missing.<\/p>\n<p>&nbsp;<\/p>\n<p>The importance of such a Museum is extraordinary. By shedding light on the dark events of our past, we ensure that the voices of the victims are never silenced, and are never forgotten in our history.<\/p>\n<p>&nbsp;<\/p>\n<p>We must not forget the path we have travelled, but we must learn from the past in order to achieve a brighter future and lasting peace.<\/p>\n<p>&nbsp;<\/p>\n<p>And it was precisely at the forefront of this mission that the people of Krusha were.<\/p>\n<p>&nbsp;<\/p>\n<p>When we hear the voices of the children around us, when we see the iconic woman personified in Fahrije Hoti and all the women of Krusha, when we see how this village was reborn, we see that they did not succeed in their mission of exterminating the Albanian people.<\/p>\n<p>&nbsp;<\/p>\n<p>Therefore, within the space of this Museum, the stories of each of the victims are preserved, not only for our generation, but also for all the generations that will come after us.<\/p>\n<p>&nbsp;<\/p>\n<p>In remembering the victims of atrocities, we honour their lives, we honour their dignity, and above all their sacrifice.<\/p>\n<p>&nbsp;<\/p>\n<p>The families of these victims need justice. Kosovo needs justice. Because this is the fundamental principle upon which every society must function, and without which peace is never just.<\/p>\n<p>&nbsp;<\/p>\n<p>This Museum personifies our unwavering determination, the resilience of the human spirit in the face of such unimaginable tragedies. The voices of the victims still ring out. They demand recognition of their suffering, honour and remembrance.<\/p>\n<p>&nbsp;<\/p>\n<p>With this Museum we are doing exactly that, not only on anniversaries, but every day. From today, this Museum will be in daily use, for all those who want to learn about the horrific crimes that Serbia committed against the citizens of Kosovo, and above all, to get to know the truth.<\/p>\n<p>&nbsp;<\/p>\n<p>This Museum, as well as our freedom, are the result of the sacrifice of our people for freedom, but also the result of the support of our precious allies. As Mayor Latifi said, in addition to the work of the institutions of the Republic of Kosovo to build this Museum, the United States of America has also supported us. Therefore, thank you for supporting us in preserving our collective memory.<\/p>\n<p>&nbsp;<\/p>\n<p>Honourable participants,<\/p>\n<p>&nbsp;<\/p>\n<p>The Museum of Atrocities and Massacres of Krush\u00eb e Madhe should serve as a memory not only for the families of the victims, not only for Kosovo, but as a memory for all humanity. This Museum is our painful history, but I hope that it will not be the history of tomorrow for anyone, in any country in the world.<\/p>\n<p>&nbsp;<\/p>\n<p>Today we are inaugurating the Museum that is not only a memory for the victims, but is also a guardian of the truth for the generations that will come after us.<\/p>\n<p>&nbsp;<\/p>\n<p>This is because the Museum is proof of our collective determination to protect the truth of our liberation war at all costs, to protect our dignity, and to protect our country.<\/p>\n<p>&nbsp;<\/p>\n<p>The war crimes and genocide that aimed to exterminate the Albanian people of Kosovo by the Milosevic regime never get old, so we never stop demanding that the perpetrators be brought to justice.<\/p>\n<p>&nbsp;<\/p>\n<p>We bow before the sacrifice of all the victims, before the selflessness and courage of all the sons and daughters of the KLA, who, supported by the North Atlantic Alliance, led by the USA, made possible the realization of the dream of many generations for freedom.<\/p>\n<p>&nbsp;<\/p>\n<p>In the renewed Krush\u00eb, we must keep the story of the truth alive forever.<\/p>\n<p>&nbsp;<\/p>\n<p>The museum of these atrocities against the people of Krusha must inspire us to strive for a world where such atrocities are never allowed to happen again!<\/p>\n<p>&nbsp;<\/p>\n<p>As the Museum will serve our collective memory, we will serve the eternal memory of all the victims, of all the heroes of the KLA and the maintenance of the freedom of the state and the alliances that have always stood by us!<\/p>\n<p>&nbsp;<\/p>\n<p>Thank you!<\/p>\n<p>Glory to all the heroes, all the fallen and freedom martyrs!<\/p>\n<p><iframe style=\"border: none; overflow: hidden;\" src=\"https:\/\/www.facebook.com\/plugins\/video.php?height=230&amp;href=https%3A%2F%2Fwww.facebook.com%2FPresidencaRKS%2Fvideos%2F1357880991590347%2F&amp;show_text=false&amp;width=380&amp;t=0\" width=\"380\" height=\"380\" frameborder=\"0\" scrolling=\"no\" allowfullscreen=\"allowfullscreen\"><span data-mce-type=\"bookmark\" style=\"display: inline-block; width: 0px; overflow: hidden; line-height: 0;\" class=\"mce_SELRES_start\">\ufeff<\/span><\/iframe><\/p>\n","protected":false},"excerpt":{"rendered":"<p>\u00a0Dear families of Krusha e Madhe, \u00a0Honourable Mayor Latifi, Honourable Ambassadors, Ambassador of the United States, Ambassador of Germany, Ambassador of Albania, Honourable President Sejdiu, Honourable Minister Haxhiu, Honourable Village Mayor, Mr. Hoti, Honourable Representatives of Organizations Emerging from the KLA War, Honourable Chairmen of Political Parties, Deputies of the Kosovo Assembly, Representatives of the Security Force and Other Institutions, Representatives of the Religious Clergy, Dear Family Members, Honourable Participants, \u00a0 Today we all gathered here together, to remember an atrocity that occurred here 25 years ago, when the genocidal regime of Serbia came to Krusha e Madhe and the surrounding villages and brutally executed hundreds of men and boys, many children and women, including pregnant women. &nbsp; Today, we are here to once again raise our voices for the bringing to light of the fate of the forcibly disappeared, among whom are over 60 residents of Krusha e Madhe, who are still among the missing, and are found in the mass graves of Serbia. &nbsp; Today, we are also here to remember the extraordinary intellectual and activist Ukshin Hoti, who is also among the forcibly disappeared. &nbsp; Above all, today we are here to institutionalize our collective memory, for one of the most terrible massacres of the war of 1999. &nbsp; The Museum of Atrocities is a testament to one of the darkest chapters of our history from the last war. This Museum is in the function of shaping our collective memory, honouring the victims, and above all in the function of our common call for justice, which is still missing. &nbsp; The importance of such a Museum is extraordinary. By shedding light on the dark events of our past, we ensure that the voices of the victims are never silenced, and are never forgotten in our history. &nbsp; We must not forget the path we have travelled, but we must learn from the past in order to achieve a brighter future and lasting peace. &nbsp; And it was precisely at the forefront of this mission that the people of Krusha were. &nbsp; When we hear the voices of the children around us, when we see the iconic woman personified in Fahrije Hoti and all the women of Krusha, when we see how this village was reborn, we see that they did not succeed in their mission of exterminating the Albanian people. &nbsp; Therefore, within the space of this Museum, the stories of each of the victims are preserved, not only for our generation, but also for all the generations that will come after us. &nbsp; In remembering the victims of atrocities, we honour their lives, we honour their dignity, and above all their sacrifice. &nbsp; The families of these victims need justice. Kosovo needs justice. Because this is the fundamental principle upon which every society must function, and without which peace is never just. &nbsp; This Museum personifies our unwavering determination, the resilience of the human spirit in the face of such unimaginable tragedies. The voices of the victims still ring out. They demand recognition of their suffering, honour and remembrance. &nbsp; With this Museum we are doing exactly that, not only on anniversaries, but every day. From today, this Museum will be in daily use, for all those who want to learn about the horrific crimes that Serbia committed against the citizens of Kosovo, and above all, to get to know the truth. &nbsp; This Museum, as well as our freedom, are the result of the sacrifice of our people for freedom, but also the result of the support of our precious allies. As Mayor Latifi said, in addition to the work of the institutions of the Republic of Kosovo to build this Museum, the United States of America has also supported us. Therefore, thank you for supporting us in preserving our collective memory. &nbsp; Honourable participants, &nbsp; The Museum of Atrocities and Massacres of Krush\u00eb e Madhe should serve as a memory not only for the families of the victims, not only for Kosovo, but as a memory for all humanity. This Museum is our painful history, but I hope that it will not be the history of tomorrow for anyone, in any country in the world. &nbsp; Today we are inaugurating the Museum that is not only a memory for the victims, but is also a guardian of the truth for the generations that will come after us. &nbsp; This is because the Museum is proof of our collective determination to protect the truth of our liberation war at all costs, to protect our dignity, and to protect our country. &nbsp; The war crimes and genocide that aimed to exterminate the Albanian people of Kosovo by the Milosevic regime never get old, so we never stop demanding that the perpetrators be brought to justice. &nbsp; We bow before the sacrifice of all the victims, before the selflessness and courage of all the sons and daughters of the KLA, who, supported by the North Atlantic Alliance, led by the USA, made possible the realization of the dream of many generations for freedom. &nbsp; In the renewed Krush\u00eb, we must keep the story of the truth alive forever. &nbsp; The museum of these atrocities against the people of Krusha must inspire us to strive for a world where such atrocities are never allowed to happen again! &nbsp; As the Museum will serve our collective memory, we will serve the eternal memory of all the victims, of all the heroes of the KLA and the maintenance of the freedom of the state and the alliances that have always stood by us! &nbsp; Thank you! Glory to all the heroes, all the fallen and freedom martyrs! \ufeff<\/p>\n","protected":false},"author":11,"featured_media":102787,"comment_status":"closed","ping_status":"closed","sticky":false,"template":"","format":"standard","meta":{"_eb_attr":"","footnotes":""},"categories":[111,105],"tags":[],"class_list":["post-102881","post","type-post","status-publish","format-standard","has-post-thumbnail","hentry","category-news","category-speeches"],"yoast_head":"<!-- This site is optimized with the Yoast SEO plugin v23.5 - https:\/\/yoast.com\/wordpress\/plugins\/seo\/ -->\n<title>President Vjosa Osmani&#039;s address at the commemorative ceremony of the 25th anniversary of the Krush\u00eb e Madhe Massacre - President of the Republic of Kosovo - DR. VJOSA OSMANI - SADRIU<\/title>\n<meta name=\"description\" content=\"President Vjosa Osmani&#039;s address at the commemorative ceremony of the 25th anniversary of the Krush\u00eb e Madhe Massacre - President of the Republic of Kosovo - DR. VJOSA OSMANI - SADRIU -\" \/>\n<meta name=\"robots\" content=\"index, follow, max-snippet:-1, max-image-preview:large, max-video-preview:-1\" \/>\n<link rel=\"canonical\" href=\"https:\/\/president-ksgov.net\/en\/president-vjosa-osmanis-address-at-the-commemorative-ceremony-of-the-25th-anniversary-of-the-krushe-e-madhe-massacre\/\" \/>\n<meta property=\"og:locale\" content=\"en_US\" \/>\n<meta property=\"og:type\" content=\"article\" \/>\n<meta property=\"og:title\" content=\"President Vjosa Osmani&#039;s address at the commemorative ceremony of the 25th anniversary of the Krush\u00eb e Madhe Massacre - President of the Republic of Kosovo - DR. VJOSA OSMANI - SADRIU\" \/>\n<meta property=\"og:description\" content=\"President Vjosa Osmani&#039;s address at the commemorative ceremony of the 25th anniversary of the Krush\u00eb e Madhe Massacre - President of the Republic of Kosovo - DR. VJOSA OSMANI - SADRIU -\" \/>\n<meta property=\"og:url\" content=\"https:\/\/president-ksgov.net\/en\/president-vjosa-osmanis-address-at-the-commemorative-ceremony-of-the-25th-anniversary-of-the-krushe-e-madhe-massacre\/\" \/>\n<meta property=\"og:site_name\" content=\"President of the Republic of Kosovo - DR. VJOSA OSMANI - SADRIU\" \/>\n<meta property=\"article:published_time\" content=\"2024-03-26T17:26:44+00:00\" \/>\n<meta property=\"article:modified_time\" content=\"2026-01-22T09:27:21+00:00\" \/>\n<meta property=\"og:image\" content=\"https:\/\/president-ksgov.net\/wp-content\/uploads\/13-28.jpg\" \/>\n\t<meta property=\"og:image:width\" content=\"2000\" \/>\n\t<meta property=\"og:image:height\" content=\"1333\" \/>\n\t<meta property=\"og:image:type\" content=\"image\/jpeg\" \/>\n<meta name=\"author\" content=\"presidentlogin\" \/>\n<meta name=\"twitter:card\" content=\"summary_large_image\" \/>\n<meta name=\"twitter:label1\" content=\"Written by\" \/>\n\t<meta name=\"twitter:data1\" content=\"presidentlogin\" \/>\n\t<meta name=\"twitter:label2\" content=\"Est. reading time\" \/>\n\t<meta name=\"twitter:data2\" content=\"6 minutes\" \/>\n<script type=\"application\/ld+json\" class=\"yoast-schema-graph\">{\"@context\":\"https:\/\/schema.org\",\"@graph\":[{\"@type\":\"WebPage\",\"@id\":\"https:\/\/president-ksgov.net\/en\/president-vjosa-osmanis-address-at-the-commemorative-ceremony-of-the-25th-anniversary-of-the-krushe-e-madhe-massacre\/\",\"url\":\"https:\/\/president-ksgov.net\/en\/president-vjosa-osmanis-address-at-the-commemorative-ceremony-of-the-25th-anniversary-of-the-krushe-e-madhe-massacre\/\",\"name\":\"President Vjosa Osmani's address at the commemorative ceremony of the 25th anniversary of the Krush\u00eb e Madhe Massacre - President of the Republic of Kosovo - DR. VJOSA OSMANI - SADRIU\",\"isPartOf\":{\"@id\":\"https:\/\/president-ksgov.net\/#website\"},\"primaryImageOfPage\":{\"@id\":\"https:\/\/president-ksgov.net\/en\/president-vjosa-osmanis-address-at-the-commemorative-ceremony-of-the-25th-anniversary-of-the-krushe-e-madhe-massacre\/#primaryimage\"},\"image\":{\"@id\":\"https:\/\/president-ksgov.net\/en\/president-vjosa-osmanis-address-at-the-commemorative-ceremony-of-the-25th-anniversary-of-the-krushe-e-madhe-massacre\/#primaryimage\"},\"thumbnailUrl\":\"https:\/\/president-ksgov.net\/wp-content\/uploads\/13-28.jpg\",\"datePublished\":\"2024-03-26T17:26:44+00:00\",\"dateModified\":\"2026-01-22T09:27:21+00:00\",\"author\":{\"@id\":\"https:\/\/president-ksgov.net\/#\/schema\/person\/1a2c014cffc81ec60d5a452a36d08d92\"},\"description\":\"President Vjosa Osmani's address at the commemorative ceremony of the 25th anniversary of the Krush\u00eb e Madhe Massacre - President of the Republic of Kosovo - DR. VJOSA OSMANI - SADRIU -\",\"breadcrumb\":{\"@id\":\"https:\/\/president-ksgov.net\/en\/president-vjosa-osmanis-address-at-the-commemorative-ceremony-of-the-25th-anniversary-of-the-krushe-e-madhe-massacre\/#breadcrumb\"},\"inLanguage\":\"en-US\",\"potentialAction\":[{\"@type\":\"ReadAction\",\"target\":[\"https:\/\/president-ksgov.net\/en\/president-vjosa-osmanis-address-at-the-commemorative-ceremony-of-the-25th-anniversary-of-the-krushe-e-madhe-massacre\/\"]}]},{\"@type\":\"ImageObject\",\"inLanguage\":\"en-US\",\"@id\":\"https:\/\/president-ksgov.net\/en\/president-vjosa-osmanis-address-at-the-commemorative-ceremony-of-the-25th-anniversary-of-the-krushe-e-madhe-massacre\/#primaryimage\",\"url\":\"https:\/\/president-ksgov.net\/wp-content\/uploads\/13-28.jpg\",\"contentUrl\":\"https:\/\/president-ksgov.net\/wp-content\/uploads\/13-28.jpg\",\"width\":2000,\"height\":1333},{\"@type\":\"BreadcrumbList\",\"@id\":\"https:\/\/president-ksgov.net\/en\/president-vjosa-osmanis-address-at-the-commemorative-ceremony-of-the-25th-anniversary-of-the-krushe-e-madhe-massacre\/#breadcrumb\",\"itemListElement\":[{\"@type\":\"ListItem\",\"position\":1,\"name\":\"Home\",\"item\":\"https:\/\/president-ksgov.net\/en\/\"},{\"@type\":\"ListItem\",\"position\":2,\"name\":\"President Vjosa Osmani&#8217;s address at the commemorative ceremony of the 25th anniversary of the Krush\u00eb e Madhe Massacre\"}]},{\"@type\":\"WebSite\",\"@id\":\"https:\/\/president-ksgov.net\/#website\",\"url\":\"https:\/\/president-ksgov.net\/\",\"name\":\"Presidente e Republik\u00ebs s\u00eb Kosov\u00ebs\",\"description\":\"Presidente e Republik\u00ebs s\u00eb Kosov\u00ebs\",\"alternateName\":\"DR. VJOSA OSMANI - SADRIU\",\"potentialAction\":[{\"@type\":\"SearchAction\",\"target\":{\"@type\":\"EntryPoint\",\"urlTemplate\":\"https:\/\/president-ksgov.net\/?s={search_term_string}\"},\"query-input\":{\"@type\":\"PropertyValueSpecification\",\"valueRequired\":true,\"valueName\":\"search_term_string\"}}],\"inLanguage\":\"en-US\"},{\"@type\":\"Person\",\"@id\":\"https:\/\/president-ksgov.net\/#\/schema\/person\/1a2c014cffc81ec60d5a452a36d08d92\",\"name\":\"presidentlogin\",\"image\":{\"@type\":\"ImageObject\",\"inLanguage\":\"en-US\",\"@id\":\"https:\/\/president-ksgov.net\/#\/schema\/person\/image\/\",\"url\":\"https:\/\/secure.gravatar.com\/avatar\/339f00ab0a8a0d5ce1ecff10aa2b4a1f51f58bbd5a57793f8cd6ad624080d807?s=96&d=mm&r=g\",\"contentUrl\":\"https:\/\/secure.gravatar.com\/avatar\/339f00ab0a8a0d5ce1ecff10aa2b4a1f51f58bbd5a57793f8cd6ad624080d807?s=96&d=mm&r=g\",\"caption\":\"presidentlogin\"}}]}<\/script>\n<!-- \/ Yoast SEO plugin. -->","yoast_head_json":{"title":"President Vjosa Osmani's address at the commemorative ceremony of the 25th anniversary of the Krush\u00eb e Madhe Massacre - President of the Republic of Kosovo - DR. VJOSA OSMANI - SADRIU","description":"President Vjosa Osmani's address at the commemorative ceremony of the 25th anniversary of the Krush\u00eb e Madhe Massacre - President of the Republic of Kosovo - DR. VJOSA OSMANI - SADRIU -","robots":{"index":"index","follow":"follow","max-snippet":"max-snippet:-1","max-image-preview":"max-image-preview:large","max-video-preview":"max-video-preview:-1"},"canonical":"https:\/\/president-ksgov.net\/en\/president-vjosa-osmanis-address-at-the-commemorative-ceremony-of-the-25th-anniversary-of-the-krushe-e-madhe-massacre\/","og_locale":"en_US","og_type":"article","og_title":"President Vjosa Osmani's address at the commemorative ceremony of the 25th anniversary of the Krush\u00eb e Madhe Massacre - President of the Republic of Kosovo - DR. VJOSA OSMANI - SADRIU","og_description":"President Vjosa Osmani's address at the commemorative ceremony of the 25th anniversary of the Krush\u00eb e Madhe Massacre - President of the Republic of Kosovo - DR. VJOSA OSMANI - SADRIU -","og_url":"https:\/\/president-ksgov.net\/en\/president-vjosa-osmanis-address-at-the-commemorative-ceremony-of-the-25th-anniversary-of-the-krushe-e-madhe-massacre\/","og_site_name":"President of the Republic of Kosovo - DR. VJOSA OSMANI - SADRIU","article_published_time":"2024-03-26T17:26:44+00:00","article_modified_time":"2026-01-22T09:27:21+00:00","og_image":[{"width":2000,"height":1333,"url":"https:\/\/president-ksgov.net\/wp-content\/uploads\/13-28.jpg","type":"image\/jpeg"}],"author":"presidentlogin","twitter_card":"summary_large_image","twitter_misc":{"Written by":"presidentlogin","Est. reading time":"6 minutes"},"schema":{"@context":"https:\/\/schema.org","@graph":[{"@type":"WebPage","@id":"https:\/\/president-ksgov.net\/en\/president-vjosa-osmanis-address-at-the-commemorative-ceremony-of-the-25th-anniversary-of-the-krushe-e-madhe-massacre\/","url":"https:\/\/president-ksgov.net\/en\/president-vjosa-osmanis-address-at-the-commemorative-ceremony-of-the-25th-anniversary-of-the-krushe-e-madhe-massacre\/","name":"President Vjosa Osmani's address at the commemorative ceremony of the 25th anniversary of the Krush\u00eb e Madhe Massacre - President of the Republic of Kosovo - DR. VJOSA OSMANI - SADRIU","isPartOf":{"@id":"https:\/\/president-ksgov.net\/#website"},"primaryImageOfPage":{"@id":"https:\/\/president-ksgov.net\/en\/president-vjosa-osmanis-address-at-the-commemorative-ceremony-of-the-25th-anniversary-of-the-krushe-e-madhe-massacre\/#primaryimage"},"image":{"@id":"https:\/\/president-ksgov.net\/en\/president-vjosa-osmanis-address-at-the-commemorative-ceremony-of-the-25th-anniversary-of-the-krushe-e-madhe-massacre\/#primaryimage"},"thumbnailUrl":"https:\/\/president-ksgov.net\/wp-content\/uploads\/13-28.jpg","datePublished":"2024-03-26T17:26:44+00:00","dateModified":"2026-01-22T09:27:21+00:00","author":{"@id":"https:\/\/president-ksgov.net\/#\/schema\/person\/1a2c014cffc81ec60d5a452a36d08d92"},"description":"President Vjosa Osmani's address at the commemorative ceremony of the 25th anniversary of the Krush\u00eb e Madhe Massacre - President of the Republic of Kosovo - DR. VJOSA OSMANI - SADRIU -","breadcrumb":{"@id":"https:\/\/president-ksgov.net\/en\/president-vjosa-osmanis-address-at-the-commemorative-ceremony-of-the-25th-anniversary-of-the-krushe-e-madhe-massacre\/#breadcrumb"},"inLanguage":"en-US","potentialAction":[{"@type":"ReadAction","target":["https:\/\/president-ksgov.net\/en\/president-vjosa-osmanis-address-at-the-commemorative-ceremony-of-the-25th-anniversary-of-the-krushe-e-madhe-massacre\/"]}]},{"@type":"ImageObject","inLanguage":"en-US","@id":"https:\/\/president-ksgov.net\/en\/president-vjosa-osmanis-address-at-the-commemorative-ceremony-of-the-25th-anniversary-of-the-krushe-e-madhe-massacre\/#primaryimage","url":"https:\/\/president-ksgov.net\/wp-content\/uploads\/13-28.jpg","contentUrl":"https:\/\/president-ksgov.net\/wp-content\/uploads\/13-28.jpg","width":2000,"height":1333},{"@type":"BreadcrumbList","@id":"https:\/\/president-ksgov.net\/en\/president-vjosa-osmanis-address-at-the-commemorative-ceremony-of-the-25th-anniversary-of-the-krushe-e-madhe-massacre\/#breadcrumb","itemListElement":[{"@type":"ListItem","position":1,"name":"Home","item":"https:\/\/president-ksgov.net\/en\/"},{"@type":"ListItem","position":2,"name":"President Vjosa Osmani&#8217;s address at the commemorative ceremony of the 25th anniversary of the Krush\u00eb e Madhe Massacre"}]},{"@type":"WebSite","@id":"https:\/\/president-ksgov.net\/#website","url":"https:\/\/president-ksgov.net\/","name":"Presidente e Republik\u00ebs s\u00eb Kosov\u00ebs","description":"Presidente e Republik\u00ebs s\u00eb Kosov\u00ebs","alternateName":"DR. VJOSA OSMANI - SADRIU","potentialAction":[{"@type":"SearchAction","target":{"@type":"EntryPoint","urlTemplate":"https:\/\/president-ksgov.net\/?s={search_term_string}"},"query-input":{"@type":"PropertyValueSpecification","valueRequired":true,"valueName":"search_term_string"}}],"inLanguage":"en-US"},{"@type":"Person","@id":"https:\/\/president-ksgov.net\/#\/schema\/person\/1a2c014cffc81ec60d5a452a36d08d92","name":"presidentlogin","image":{"@type":"ImageObject","inLanguage":"en-US","@id":"https:\/\/president-ksgov.net\/#\/schema\/person\/image\/","url":"https:\/\/secure.gravatar.com\/avatar\/339f00ab0a8a0d5ce1ecff10aa2b4a1f51f58bbd5a57793f8cd6ad624080d807?s=96&d=mm&r=g","contentUrl":"https:\/\/secure.gravatar.com\/avatar\/339f00ab0a8a0d5ce1ecff10aa2b4a1f51f58bbd5a57793f8cd6ad624080d807?s=96&d=mm&r=g","caption":"presidentlogin"}}]}},"_links":{"self":[{"href":"https:\/\/president-ksgov.net\/en\/wp-json\/wp\/v2\/posts\/102881","targetHints":{"allow":["GET"]}}],"collection":[{"href":"https:\/\/president-ksgov.net\/en\/wp-json\/wp\/v2\/posts"}],"about":[{"href":"https:\/\/president-ksgov.net\/en\/wp-json\/wp\/v2\/types\/post"}],"author":[{"embeddable":true,"href":"https:\/\/president-ksgov.net\/en\/wp-json\/wp\/v2\/users\/11"}],"replies":[{"embeddable":true,"href":"https:\/\/president-ksgov.net\/en\/wp-json\/wp\/v2\/comments?post=102881"}],"version-history":[{"count":3,"href":"https:\/\/president-ksgov.net\/en\/wp-json\/wp\/v2\/posts\/102881\/revisions"}],"predecessor-version":[{"id":180490,"href":"https:\/\/president-ksgov.net\/en\/wp-json\/wp\/v2\/posts\/102881\/revisions\/180490"}],"wp:featuredmedia":[{"embeddable":true,"href":"https:\/\/president-ksgov.net\/en\/wp-json\/wp\/v2\/media\/102787"}],"wp:attachment":[{"href":"https:\/\/president-ksgov.net\/en\/wp-json\/wp\/v2\/media?parent=102881"}],"wp:term":[{"taxonomy":"category","embeddable":true,"href":"https:\/\/president-ksgov.net\/en\/wp-json\/wp\/v2\/categories?post=102881"},{"taxonomy":"post_tag","embeddable":true,"href":"https:\/\/president-ksgov.net\/en\/wp-json\/wp\/v2\/tags?post=102881"}],"curies":[{"name":"wp","href":"https:\/\/api.w.org\/{rel}","templated":true}]}}