{"id":102677,"date":"2024-03-13T18:53:45","date_gmt":"2024-03-13T17:53:45","guid":{"rendered":"https:\/\/president-ksgov.net\/?p=102677"},"modified":"2024-03-22T18:52:08","modified_gmt":"2024-03-22T17:52:08","slug":"president-osmani-commemorated-the-25th-anniversary-of-the-massacre-at-the-mitrovica-green-market","status":"publish","type":"post","link":"https:\/\/president-ksgov.net\/en\/president-osmani-commemorated-the-25th-anniversary-of-the-massacre-at-the-mitrovica-green-market\/","title":{"rendered":"President Osmani commemorated the 25th anniversary of the massacre at the Mitrovica Green Market"},"content":{"rendered":"<p class=\"v1MsoNormal\">The President of the Republic of Kosovo Vjosa Osmani, commemorated the 25th anniversary of the massacre at the Mitrovica Green Market.<u><\/u><u><\/u><\/p>\n<p class=\"v1MsoNormal\">25 years ago, on March 13 1999, 7 innocent civilians aged 5-65, were cruelly killed at the Mitrovica Green Market by the grenades of the forces of the Milosevic&#8217;s genocidal regime.<u><\/u><u><\/u><\/p>\n<p class=\"v1MsoNormal\">In this macabre act, 128 people were injured, including children, women, elderly and youngsters.<u><\/u><u><\/u><\/p>\n<p class=\"v1MsoNormal\">This massacre is one of the most authentic testimonies of the brutality of a criminal regime, which aimed to exterminate Albanians.<u><\/u><u><\/u><\/p>\n<p class=\"v1MsoNormal\">Today, we honor the memory of those killed that day, while our commitment to justice remains constant.<u><\/u><u><\/u><\/p>\n<p class=\"v1MsoNormal\">May the memory of those killed at the Mitrovica Green Market remain eternal!<\/p>\n","protected":false},"excerpt":{"rendered":"<p>The President of the Republic of Kosovo Vjosa Osmani, commemorated the 25th anniversary of the massacre at the Mitrovica Green Market. 25 years ago, on March 13 1999, 7 innocent civilians aged 5-65, were cruelly killed at the Mitrovica Green Market by the grenades of the forces of the Milosevic&#8217;s genocidal regime. In this macabre act, 128 people were injured, including children, women, elderly and youngsters. This massacre is one of the most authentic testimonies of the brutality of a criminal regime, which aimed to exterminate Albanians. Today, we honor the memory of those killed that day, while our commitment to justice remains constant. May the memory of those killed at the Mitrovica Green Market remain eternal!<\/p>\n","protected":false},"author":11,"featured_media":101892,"comment_status":"open","ping_status":"closed","sticky":false,"template":"","format":"standard","meta":{"_eb_attr":"","footnotes":""},"categories":[111],"tags":[],"class_list":["post-102677","post","type-post","status-publish","format-standard","has-post-thumbnail","hentry","category-news"],"yoast_head":"<!-- This site is optimized with the Yoast SEO plugin v23.5 - https:\/\/yoast.com\/wordpress\/plugins\/seo\/ -->\n<title>President Osmani commemorated the 25th anniversary of the massacre at the Mitrovica Green Market - President of the Republic of Kosovo - DR. VJOSA OSMANI - SADRIU<\/title>\n<meta name=\"description\" content=\"President Osmani commemorated the 25th anniversary of the massacre at the Mitrovica Green Market - President of the Republic of Kosovo - DR. VJOSA OSMANI - SADRIU -\" \/>\n<meta name=\"robots\" content=\"index, follow, max-snippet:-1, max-image-preview:large, max-video-preview:-1\" \/>\n<link rel=\"canonical\" href=\"https:\/\/president-ksgov.net\/en\/president-osmani-commemorated-the-25th-anniversary-of-the-massacre-at-the-mitrovica-green-market\/\" \/>\n<meta property=\"og:locale\" content=\"en_US\" \/>\n<meta property=\"og:type\" content=\"article\" \/>\n<meta property=\"og:title\" content=\"President Osmani commemorated the 25th anniversary of the massacre at the Mitrovica Green Market - President of the Republic of Kosovo - DR. VJOSA OSMANI - SADRIU\" \/>\n<meta property=\"og:description\" content=\"President Osmani commemorated the 25th anniversary of the massacre at the Mitrovica Green Market - President of the Republic of Kosovo - DR. VJOSA OSMANI - SADRIU -\" \/>\n<meta property=\"og:url\" content=\"https:\/\/president-ksgov.net\/en\/president-osmani-commemorated-the-25th-anniversary-of-the-massacre-at-the-mitrovica-green-market\/\" \/>\n<meta property=\"og:site_name\" content=\"President of the Republic of Kosovo - DR. VJOSA OSMANI - SADRIU\" \/>\n<meta property=\"article:published_time\" content=\"2024-03-13T17:53:45+00:00\" \/>\n<meta property=\"article:modified_time\" content=\"2024-03-22T17:52:08+00:00\" \/>\n<meta property=\"og:image\" content=\"https:\/\/president-ksgov.net\/wp-content\/uploads\/1-231.jpg\" \/>\n\t<meta property=\"og:image:width\" content=\"513\" \/>\n\t<meta property=\"og:image:height\" content=\"768\" \/>\n\t<meta property=\"og:image:type\" content=\"image\/jpeg\" \/>\n<meta name=\"author\" content=\"presidentlogin\" \/>\n<meta name=\"twitter:card\" content=\"summary_large_image\" \/>\n<meta name=\"twitter:label1\" content=\"Written by\" \/>\n\t<meta name=\"twitter:data1\" content=\"presidentlogin\" \/>\n\t<meta name=\"twitter:label2\" content=\"Est. reading time\" \/>\n\t<meta name=\"twitter:data2\" content=\"1 minute\" \/>\n<script type=\"application\/ld+json\" class=\"yoast-schema-graph\">{\"@context\":\"https:\/\/schema.org\",\"@graph\":[{\"@type\":\"WebPage\",\"@id\":\"https:\/\/president-ksgov.net\/en\/president-osmani-commemorated-the-25th-anniversary-of-the-massacre-at-the-mitrovica-green-market\/\",\"url\":\"https:\/\/president-ksgov.net\/en\/president-osmani-commemorated-the-25th-anniversary-of-the-massacre-at-the-mitrovica-green-market\/\",\"name\":\"President Osmani commemorated the 25th anniversary of the massacre at the Mitrovica Green Market - President of the Republic of Kosovo - DR. VJOSA OSMANI - SADRIU\",\"isPartOf\":{\"@id\":\"https:\/\/president-ksgov.net\/#website\"},\"primaryImageOfPage\":{\"@id\":\"https:\/\/president-ksgov.net\/en\/president-osmani-commemorated-the-25th-anniversary-of-the-massacre-at-the-mitrovica-green-market\/#primaryimage\"},\"image\":{\"@id\":\"https:\/\/president-ksgov.net\/en\/president-osmani-commemorated-the-25th-anniversary-of-the-massacre-at-the-mitrovica-green-market\/#primaryimage\"},\"thumbnailUrl\":\"https:\/\/president-ksgov.net\/wp-content\/uploads\/1-231.jpg\",\"datePublished\":\"2024-03-13T17:53:45+00:00\",\"dateModified\":\"2024-03-22T17:52:08+00:00\",\"author\":{\"@id\":\"https:\/\/president-ksgov.net\/#\/schema\/person\/1a2c014cffc81ec60d5a452a36d08d92\"},\"description\":\"President Osmani commemorated the 25th anniversary of the massacre at the Mitrovica Green Market - President of the Republic of Kosovo - DR. VJOSA OSMANI - SADRIU -\",\"breadcrumb\":{\"@id\":\"https:\/\/president-ksgov.net\/en\/president-osmani-commemorated-the-25th-anniversary-of-the-massacre-at-the-mitrovica-green-market\/#breadcrumb\"},\"inLanguage\":\"en-US\",\"potentialAction\":[{\"@type\":\"ReadAction\",\"target\":[\"https:\/\/president-ksgov.net\/en\/president-osmani-commemorated-the-25th-anniversary-of-the-massacre-at-the-mitrovica-green-market\/\"]}]},{\"@type\":\"ImageObject\",\"inLanguage\":\"en-US\",\"@id\":\"https:\/\/president-ksgov.net\/en\/president-osmani-commemorated-the-25th-anniversary-of-the-massacre-at-the-mitrovica-green-market\/#primaryimage\",\"url\":\"https:\/\/president-ksgov.net\/wp-content\/uploads\/1-231.jpg\",\"contentUrl\":\"https:\/\/president-ksgov.net\/wp-content\/uploads\/1-231.jpg\",\"width\":513,\"height\":768},{\"@type\":\"BreadcrumbList\",\"@id\":\"https:\/\/president-ksgov.net\/en\/president-osmani-commemorated-the-25th-anniversary-of-the-massacre-at-the-mitrovica-green-market\/#breadcrumb\",\"itemListElement\":[{\"@type\":\"ListItem\",\"position\":1,\"name\":\"Home\",\"item\":\"https:\/\/president-ksgov.net\/en\/\"},{\"@type\":\"ListItem\",\"position\":2,\"name\":\"President Osmani commemorated the 25th anniversary of the massacre at the Mitrovica Green Market\"}]},{\"@type\":\"WebSite\",\"@id\":\"https:\/\/president-ksgov.net\/#website\",\"url\":\"https:\/\/president-ksgov.net\/\",\"name\":\"Presidente e Republik\u00ebs s\u00eb Kosov\u00ebs\",\"description\":\"Presidente e Republik\u00ebs s\u00eb Kosov\u00ebs\",\"alternateName\":\"DR. VJOSA OSMANI - SADRIU\",\"potentialAction\":[{\"@type\":\"SearchAction\",\"target\":{\"@type\":\"EntryPoint\",\"urlTemplate\":\"https:\/\/president-ksgov.net\/?s={search_term_string}\"},\"query-input\":{\"@type\":\"PropertyValueSpecification\",\"valueRequired\":true,\"valueName\":\"search_term_string\"}}],\"inLanguage\":\"en-US\"},{\"@type\":\"Person\",\"@id\":\"https:\/\/president-ksgov.net\/#\/schema\/person\/1a2c014cffc81ec60d5a452a36d08d92\",\"name\":\"presidentlogin\",\"image\":{\"@type\":\"ImageObject\",\"inLanguage\":\"en-US\",\"@id\":\"https:\/\/president-ksgov.net\/#\/schema\/person\/image\/\",\"url\":\"https:\/\/secure.gravatar.com\/avatar\/339f00ab0a8a0d5ce1ecff10aa2b4a1f51f58bbd5a57793f8cd6ad624080d807?s=96&d=mm&r=g\",\"contentUrl\":\"https:\/\/secure.gravatar.com\/avatar\/339f00ab0a8a0d5ce1ecff10aa2b4a1f51f58bbd5a57793f8cd6ad624080d807?s=96&d=mm&r=g\",\"caption\":\"presidentlogin\"}}]}<\/script>\n<!-- \/ Yoast SEO plugin. -->","yoast_head_json":{"title":"President Osmani commemorated the 25th anniversary of the massacre at the Mitrovica Green Market - President of the Republic of Kosovo - DR. VJOSA OSMANI - SADRIU","description":"President Osmani commemorated the 25th anniversary of the massacre at the Mitrovica Green Market - President of the Republic of Kosovo - DR. VJOSA OSMANI - SADRIU -","robots":{"index":"index","follow":"follow","max-snippet":"max-snippet:-1","max-image-preview":"max-image-preview:large","max-video-preview":"max-video-preview:-1"},"canonical":"https:\/\/president-ksgov.net\/en\/president-osmani-commemorated-the-25th-anniversary-of-the-massacre-at-the-mitrovica-green-market\/","og_locale":"en_US","og_type":"article","og_title":"President Osmani commemorated the 25th anniversary of the massacre at the Mitrovica Green Market - President of the Republic of Kosovo - DR. VJOSA OSMANI - SADRIU","og_description":"President Osmani commemorated the 25th anniversary of the massacre at the Mitrovica Green Market - President of the Republic of Kosovo - DR. VJOSA OSMANI - SADRIU -","og_url":"https:\/\/president-ksgov.net\/en\/president-osmani-commemorated-the-25th-anniversary-of-the-massacre-at-the-mitrovica-green-market\/","og_site_name":"President of the Republic of Kosovo - DR. VJOSA OSMANI - SADRIU","article_published_time":"2024-03-13T17:53:45+00:00","article_modified_time":"2024-03-22T17:52:08+00:00","og_image":[{"width":513,"height":768,"url":"https:\/\/president-ksgov.net\/wp-content\/uploads\/1-231.jpg","type":"image\/jpeg"}],"author":"presidentlogin","twitter_card":"summary_large_image","twitter_misc":{"Written by":"presidentlogin","Est. reading time":"1 minute"},"schema":{"@context":"https:\/\/schema.org","@graph":[{"@type":"WebPage","@id":"https:\/\/president-ksgov.net\/en\/president-osmani-commemorated-the-25th-anniversary-of-the-massacre-at-the-mitrovica-green-market\/","url":"https:\/\/president-ksgov.net\/en\/president-osmani-commemorated-the-25th-anniversary-of-the-massacre-at-the-mitrovica-green-market\/","name":"President Osmani commemorated the 25th anniversary of the massacre at the Mitrovica Green Market - President of the Republic of Kosovo - DR. VJOSA OSMANI - SADRIU","isPartOf":{"@id":"https:\/\/president-ksgov.net\/#website"},"primaryImageOfPage":{"@id":"https:\/\/president-ksgov.net\/en\/president-osmani-commemorated-the-25th-anniversary-of-the-massacre-at-the-mitrovica-green-market\/#primaryimage"},"image":{"@id":"https:\/\/president-ksgov.net\/en\/president-osmani-commemorated-the-25th-anniversary-of-the-massacre-at-the-mitrovica-green-market\/#primaryimage"},"thumbnailUrl":"https:\/\/president-ksgov.net\/wp-content\/uploads\/1-231.jpg","datePublished":"2024-03-13T17:53:45+00:00","dateModified":"2024-03-22T17:52:08+00:00","author":{"@id":"https:\/\/president-ksgov.net\/#\/schema\/person\/1a2c014cffc81ec60d5a452a36d08d92"},"description":"President Osmani commemorated the 25th anniversary of the massacre at the Mitrovica Green Market - President of the Republic of Kosovo - DR. VJOSA OSMANI - SADRIU -","breadcrumb":{"@id":"https:\/\/president-ksgov.net\/en\/president-osmani-commemorated-the-25th-anniversary-of-the-massacre-at-the-mitrovica-green-market\/#breadcrumb"},"inLanguage":"en-US","potentialAction":[{"@type":"ReadAction","target":["https:\/\/president-ksgov.net\/en\/president-osmani-commemorated-the-25th-anniversary-of-the-massacre-at-the-mitrovica-green-market\/"]}]},{"@type":"ImageObject","inLanguage":"en-US","@id":"https:\/\/president-ksgov.net\/en\/president-osmani-commemorated-the-25th-anniversary-of-the-massacre-at-the-mitrovica-green-market\/#primaryimage","url":"https:\/\/president-ksgov.net\/wp-content\/uploads\/1-231.jpg","contentUrl":"https:\/\/president-ksgov.net\/wp-content\/uploads\/1-231.jpg","width":513,"height":768},{"@type":"BreadcrumbList","@id":"https:\/\/president-ksgov.net\/en\/president-osmani-commemorated-the-25th-anniversary-of-the-massacre-at-the-mitrovica-green-market\/#breadcrumb","itemListElement":[{"@type":"ListItem","position":1,"name":"Home","item":"https:\/\/president-ksgov.net\/en\/"},{"@type":"ListItem","position":2,"name":"President Osmani commemorated the 25th anniversary of the massacre at the Mitrovica Green Market"}]},{"@type":"WebSite","@id":"https:\/\/president-ksgov.net\/#website","url":"https:\/\/president-ksgov.net\/","name":"Presidente e Republik\u00ebs s\u00eb Kosov\u00ebs","description":"Presidente e Republik\u00ebs s\u00eb Kosov\u00ebs","alternateName":"DR. VJOSA OSMANI - SADRIU","potentialAction":[{"@type":"SearchAction","target":{"@type":"EntryPoint","urlTemplate":"https:\/\/president-ksgov.net\/?s={search_term_string}"},"query-input":{"@type":"PropertyValueSpecification","valueRequired":true,"valueName":"search_term_string"}}],"inLanguage":"en-US"},{"@type":"Person","@id":"https:\/\/president-ksgov.net\/#\/schema\/person\/1a2c014cffc81ec60d5a452a36d08d92","name":"presidentlogin","image":{"@type":"ImageObject","inLanguage":"en-US","@id":"https:\/\/president-ksgov.net\/#\/schema\/person\/image\/","url":"https:\/\/secure.gravatar.com\/avatar\/339f00ab0a8a0d5ce1ecff10aa2b4a1f51f58bbd5a57793f8cd6ad624080d807?s=96&d=mm&r=g","contentUrl":"https:\/\/secure.gravatar.com\/avatar\/339f00ab0a8a0d5ce1ecff10aa2b4a1f51f58bbd5a57793f8cd6ad624080d807?s=96&d=mm&r=g","caption":"presidentlogin"}}]}},"_links":{"self":[{"href":"https:\/\/president-ksgov.net\/en\/wp-json\/wp\/v2\/posts\/102677","targetHints":{"allow":["GET"]}}],"collection":[{"href":"https:\/\/president-ksgov.net\/en\/wp-json\/wp\/v2\/posts"}],"about":[{"href":"https:\/\/president-ksgov.net\/en\/wp-json\/wp\/v2\/types\/post"}],"author":[{"embeddable":true,"href":"https:\/\/president-ksgov.net\/en\/wp-json\/wp\/v2\/users\/11"}],"replies":[{"embeddable":true,"href":"https:\/\/president-ksgov.net\/en\/wp-json\/wp\/v2\/comments?post=102677"}],"version-history":[{"count":1,"href":"https:\/\/president-ksgov.net\/en\/wp-json\/wp\/v2\/posts\/102677\/revisions"}],"predecessor-version":[{"id":102678,"href":"https:\/\/president-ksgov.net\/en\/wp-json\/wp\/v2\/posts\/102677\/revisions\/102678"}],"wp:featuredmedia":[{"embeddable":true,"href":"https:\/\/president-ksgov.net\/en\/wp-json\/wp\/v2\/media\/101892"}],"wp:attachment":[{"href":"https:\/\/president-ksgov.net\/en\/wp-json\/wp\/v2\/media?parent=102677"}],"wp:term":[{"taxonomy":"category","embeddable":true,"href":"https:\/\/president-ksgov.net\/en\/wp-json\/wp\/v2\/categories?post=102677"},{"taxonomy":"post_tag","embeddable":true,"href":"https:\/\/president-ksgov.net\/en\/wp-json\/wp\/v2\/tags?post=102677"}],"curies":[{"name":"wp","href":"https:\/\/api.w.org\/{rel}","templated":true}]}}