{"id":101522,"date":"2024-03-08T15:46:11","date_gmt":"2024-03-08T14:46:11","guid":{"rendered":"https:\/\/president-ksgov.net\/?p=101522"},"modified":"2024-03-11T08:51:06","modified_gmt":"2024-03-11T07:51:06","slug":"president-osmani-received-a-delegation-from-the-coordination-office-of-the-bosnian-national-councils","status":"publish","type":"post","link":"https:\/\/president-ksgov.net\/en\/president-osmani-received-a-delegation-from-the-coordination-office-of-the-bosnian-national-councils\/","title":{"rendered":"President Osmani received a delegation from the Coordination Office of the Bosnian National Councils"},"content":{"rendered":"<p>The President of the Republic of Kosovo Vjosa Osmani Sadriu received today\u00a0 a delegation from the Coordination Office of the Bosnian National Councils, who are visiting Kosovo at the invitation of the Bosnian representatives of the Consultative Council for Communities, in the Office of the President of the Republic of Kosovo.<\/p>\n<p>Madam President called for even closer cooperation, primarily of an institutional nature, between Kosovo and Bosnia and Herzegovina, and then between the Albanian and Bosnian people in joint projects and exchanges in the field of education and culture.<\/p>\n<p>Madam President also emphasized that it is necessary to implement all the principles signed in the Berlin Process agreements, starting with the freedom of movement.<\/p>\n","protected":false},"excerpt":{"rendered":"<p>The President of the Republic of Kosovo Vjosa Osmani Sadriu received today\u00a0 a delegation from the Coordination Office of the Bosnian National Councils, who are visiting Kosovo at the invitation of the Bosnian representatives of the Consultative Council for Communities, in the Office of the President of the Republic of Kosovo. Madam President called for even closer cooperation, primarily of an institutional nature, between Kosovo and Bosnia and Herzegovina, and then between the Albanian and Bosnian people in joint projects and exchanges in the field of education and culture. Madam President also emphasized that it is necessary to implement all the principles signed in the Berlin Process agreements, starting with the freedom of movement.<\/p>\n","protected":false},"author":11,"featured_media":101519,"comment_status":"open","ping_status":"closed","sticky":false,"template":"","format":"standard","meta":{"_eb_attr":"","footnotes":""},"categories":[111],"tags":[],"class_list":["post-101522","post","type-post","status-publish","format-standard","has-post-thumbnail","hentry","category-news"],"yoast_head":"<!-- This site is optimized with the Yoast SEO plugin v23.5 - https:\/\/yoast.com\/wordpress\/plugins\/seo\/ -->\n<title>President Osmani received a delegation from the Coordination Office of the Bosnian National Councils - President of the Republic of Kosovo - DR. VJOSA OSMANI - SADRIU<\/title>\n<meta name=\"description\" content=\"President Osmani received a delegation from the Coordination Office of the Bosnian National Councils - President of the Republic of Kosovo - DR. VJOSA OSMANI - SADRIU -\" \/>\n<meta name=\"robots\" content=\"index, follow, max-snippet:-1, max-image-preview:large, max-video-preview:-1\" \/>\n<link rel=\"canonical\" href=\"https:\/\/president-ksgov.net\/en\/president-osmani-received-a-delegation-from-the-coordination-office-of-the-bosnian-national-councils\/\" \/>\n<meta property=\"og:locale\" content=\"en_US\" \/>\n<meta property=\"og:type\" content=\"article\" \/>\n<meta property=\"og:title\" content=\"President Osmani received a delegation from the Coordination Office of the Bosnian National Councils - President of the Republic of Kosovo - DR. VJOSA OSMANI - SADRIU\" \/>\n<meta property=\"og:description\" content=\"President Osmani received a delegation from the Coordination Office of the Bosnian National Councils - President of the Republic of Kosovo - DR. VJOSA OSMANI - SADRIU -\" \/>\n<meta property=\"og:url\" content=\"https:\/\/president-ksgov.net\/en\/president-osmani-received-a-delegation-from-the-coordination-office-of-the-bosnian-national-councils\/\" \/>\n<meta property=\"og:site_name\" content=\"President of the Republic of Kosovo - DR. VJOSA OSMANI - SADRIU\" \/>\n<meta property=\"article:published_time\" content=\"2024-03-08T14:46:11+00:00\" \/>\n<meta property=\"article:modified_time\" content=\"2024-03-11T07:51:06+00:00\" \/>\n<meta property=\"og:image\" content=\"https:\/\/president-ksgov.net\/wp-content\/uploads\/image_123650291.jpg\" \/>\n\t<meta property=\"og:image:width\" content=\"2000\" \/>\n\t<meta property=\"og:image:height\" content=\"1088\" \/>\n\t<meta property=\"og:image:type\" content=\"image\/jpeg\" \/>\n<meta name=\"author\" content=\"presidentlogin\" \/>\n<meta name=\"twitter:card\" content=\"summary_large_image\" \/>\n<meta name=\"twitter:label1\" content=\"Written by\" \/>\n\t<meta name=\"twitter:data1\" content=\"presidentlogin\" \/>\n\t<meta name=\"twitter:label2\" content=\"Est. reading time\" \/>\n\t<meta name=\"twitter:data2\" content=\"1 minute\" \/>\n<script type=\"application\/ld+json\" class=\"yoast-schema-graph\">{\"@context\":\"https:\/\/schema.org\",\"@graph\":[{\"@type\":\"WebPage\",\"@id\":\"https:\/\/president-ksgov.net\/en\/president-osmani-received-a-delegation-from-the-coordination-office-of-the-bosnian-national-councils\/\",\"url\":\"https:\/\/president-ksgov.net\/en\/president-osmani-received-a-delegation-from-the-coordination-office-of-the-bosnian-national-councils\/\",\"name\":\"President Osmani received a delegation from the Coordination Office of the Bosnian National Councils - President of the Republic of Kosovo - DR. VJOSA OSMANI - SADRIU\",\"isPartOf\":{\"@id\":\"https:\/\/president-ksgov.net\/#website\"},\"primaryImageOfPage\":{\"@id\":\"https:\/\/president-ksgov.net\/en\/president-osmani-received-a-delegation-from-the-coordination-office-of-the-bosnian-national-councils\/#primaryimage\"},\"image\":{\"@id\":\"https:\/\/president-ksgov.net\/en\/president-osmani-received-a-delegation-from-the-coordination-office-of-the-bosnian-national-councils\/#primaryimage\"},\"thumbnailUrl\":\"https:\/\/president-ksgov.net\/wp-content\/uploads\/image_123650291.jpg\",\"datePublished\":\"2024-03-08T14:46:11+00:00\",\"dateModified\":\"2024-03-11T07:51:06+00:00\",\"author\":{\"@id\":\"https:\/\/president-ksgov.net\/#\/schema\/person\/1a2c014cffc81ec60d5a452a36d08d92\"},\"description\":\"President Osmani received a delegation from the Coordination Office of the Bosnian National Councils - President of the Republic of Kosovo - DR. VJOSA OSMANI - SADRIU -\",\"breadcrumb\":{\"@id\":\"https:\/\/president-ksgov.net\/en\/president-osmani-received-a-delegation-from-the-coordination-office-of-the-bosnian-national-councils\/#breadcrumb\"},\"inLanguage\":\"en-US\",\"potentialAction\":[{\"@type\":\"ReadAction\",\"target\":[\"https:\/\/president-ksgov.net\/en\/president-osmani-received-a-delegation-from-the-coordination-office-of-the-bosnian-national-councils\/\"]}]},{\"@type\":\"ImageObject\",\"inLanguage\":\"en-US\",\"@id\":\"https:\/\/president-ksgov.net\/en\/president-osmani-received-a-delegation-from-the-coordination-office-of-the-bosnian-national-councils\/#primaryimage\",\"url\":\"https:\/\/president-ksgov.net\/wp-content\/uploads\/image_123650291.jpg\",\"contentUrl\":\"https:\/\/president-ksgov.net\/wp-content\/uploads\/image_123650291.jpg\",\"width\":2000,\"height\":1088},{\"@type\":\"BreadcrumbList\",\"@id\":\"https:\/\/president-ksgov.net\/en\/president-osmani-received-a-delegation-from-the-coordination-office-of-the-bosnian-national-councils\/#breadcrumb\",\"itemListElement\":[{\"@type\":\"ListItem\",\"position\":1,\"name\":\"Home\",\"item\":\"https:\/\/president-ksgov.net\/en\/\"},{\"@type\":\"ListItem\",\"position\":2,\"name\":\"President Osmani received a delegation from the Coordination Office of the Bosnian National Councils\"}]},{\"@type\":\"WebSite\",\"@id\":\"https:\/\/president-ksgov.net\/#website\",\"url\":\"https:\/\/president-ksgov.net\/\",\"name\":\"Presidente e Republik\u00ebs s\u00eb Kosov\u00ebs\",\"description\":\"Presidente e Republik\u00ebs s\u00eb Kosov\u00ebs\",\"alternateName\":\"DR. VJOSA OSMANI - SADRIU\",\"potentialAction\":[{\"@type\":\"SearchAction\",\"target\":{\"@type\":\"EntryPoint\",\"urlTemplate\":\"https:\/\/president-ksgov.net\/?s={search_term_string}\"},\"query-input\":{\"@type\":\"PropertyValueSpecification\",\"valueRequired\":true,\"valueName\":\"search_term_string\"}}],\"inLanguage\":\"en-US\"},{\"@type\":\"Person\",\"@id\":\"https:\/\/president-ksgov.net\/#\/schema\/person\/1a2c014cffc81ec60d5a452a36d08d92\",\"name\":\"presidentlogin\",\"image\":{\"@type\":\"ImageObject\",\"inLanguage\":\"en-US\",\"@id\":\"https:\/\/president-ksgov.net\/#\/schema\/person\/image\/\",\"url\":\"https:\/\/secure.gravatar.com\/avatar\/339f00ab0a8a0d5ce1ecff10aa2b4a1f51f58bbd5a57793f8cd6ad624080d807?s=96&d=mm&r=g\",\"contentUrl\":\"https:\/\/secure.gravatar.com\/avatar\/339f00ab0a8a0d5ce1ecff10aa2b4a1f51f58bbd5a57793f8cd6ad624080d807?s=96&d=mm&r=g\",\"caption\":\"presidentlogin\"}}]}<\/script>\n<!-- \/ Yoast SEO plugin. -->","yoast_head_json":{"title":"President Osmani received a delegation from the Coordination Office of the Bosnian National Councils - President of the Republic of Kosovo - DR. VJOSA OSMANI - SADRIU","description":"President Osmani received a delegation from the Coordination Office of the Bosnian National Councils - President of the Republic of Kosovo - DR. VJOSA OSMANI - SADRIU -","robots":{"index":"index","follow":"follow","max-snippet":"max-snippet:-1","max-image-preview":"max-image-preview:large","max-video-preview":"max-video-preview:-1"},"canonical":"https:\/\/president-ksgov.net\/en\/president-osmani-received-a-delegation-from-the-coordination-office-of-the-bosnian-national-councils\/","og_locale":"en_US","og_type":"article","og_title":"President Osmani received a delegation from the Coordination Office of the Bosnian National Councils - President of the Republic of Kosovo - DR. VJOSA OSMANI - SADRIU","og_description":"President Osmani received a delegation from the Coordination Office of the Bosnian National Councils - President of the Republic of Kosovo - DR. VJOSA OSMANI - SADRIU -","og_url":"https:\/\/president-ksgov.net\/en\/president-osmani-received-a-delegation-from-the-coordination-office-of-the-bosnian-national-councils\/","og_site_name":"President of the Republic of Kosovo - DR. VJOSA OSMANI - SADRIU","article_published_time":"2024-03-08T14:46:11+00:00","article_modified_time":"2024-03-11T07:51:06+00:00","og_image":[{"width":2000,"height":1088,"url":"https:\/\/president-ksgov.net\/wp-content\/uploads\/image_123650291.jpg","type":"image\/jpeg"}],"author":"presidentlogin","twitter_card":"summary_large_image","twitter_misc":{"Written by":"presidentlogin","Est. reading time":"1 minute"},"schema":{"@context":"https:\/\/schema.org","@graph":[{"@type":"WebPage","@id":"https:\/\/president-ksgov.net\/en\/president-osmani-received-a-delegation-from-the-coordination-office-of-the-bosnian-national-councils\/","url":"https:\/\/president-ksgov.net\/en\/president-osmani-received-a-delegation-from-the-coordination-office-of-the-bosnian-national-councils\/","name":"President Osmani received a delegation from the Coordination Office of the Bosnian National Councils - President of the Republic of Kosovo - DR. VJOSA OSMANI - SADRIU","isPartOf":{"@id":"https:\/\/president-ksgov.net\/#website"},"primaryImageOfPage":{"@id":"https:\/\/president-ksgov.net\/en\/president-osmani-received-a-delegation-from-the-coordination-office-of-the-bosnian-national-councils\/#primaryimage"},"image":{"@id":"https:\/\/president-ksgov.net\/en\/president-osmani-received-a-delegation-from-the-coordination-office-of-the-bosnian-national-councils\/#primaryimage"},"thumbnailUrl":"https:\/\/president-ksgov.net\/wp-content\/uploads\/image_123650291.jpg","datePublished":"2024-03-08T14:46:11+00:00","dateModified":"2024-03-11T07:51:06+00:00","author":{"@id":"https:\/\/president-ksgov.net\/#\/schema\/person\/1a2c014cffc81ec60d5a452a36d08d92"},"description":"President Osmani received a delegation from the Coordination Office of the Bosnian National Councils - President of the Republic of Kosovo - DR. VJOSA OSMANI - SADRIU -","breadcrumb":{"@id":"https:\/\/president-ksgov.net\/en\/president-osmani-received-a-delegation-from-the-coordination-office-of-the-bosnian-national-councils\/#breadcrumb"},"inLanguage":"en-US","potentialAction":[{"@type":"ReadAction","target":["https:\/\/president-ksgov.net\/en\/president-osmani-received-a-delegation-from-the-coordination-office-of-the-bosnian-national-councils\/"]}]},{"@type":"ImageObject","inLanguage":"en-US","@id":"https:\/\/president-ksgov.net\/en\/president-osmani-received-a-delegation-from-the-coordination-office-of-the-bosnian-national-councils\/#primaryimage","url":"https:\/\/president-ksgov.net\/wp-content\/uploads\/image_123650291.jpg","contentUrl":"https:\/\/president-ksgov.net\/wp-content\/uploads\/image_123650291.jpg","width":2000,"height":1088},{"@type":"BreadcrumbList","@id":"https:\/\/president-ksgov.net\/en\/president-osmani-received-a-delegation-from-the-coordination-office-of-the-bosnian-national-councils\/#breadcrumb","itemListElement":[{"@type":"ListItem","position":1,"name":"Home","item":"https:\/\/president-ksgov.net\/en\/"},{"@type":"ListItem","position":2,"name":"President Osmani received a delegation from the Coordination Office of the Bosnian National Councils"}]},{"@type":"WebSite","@id":"https:\/\/president-ksgov.net\/#website","url":"https:\/\/president-ksgov.net\/","name":"Presidente e Republik\u00ebs s\u00eb Kosov\u00ebs","description":"Presidente e Republik\u00ebs s\u00eb Kosov\u00ebs","alternateName":"DR. VJOSA OSMANI - SADRIU","potentialAction":[{"@type":"SearchAction","target":{"@type":"EntryPoint","urlTemplate":"https:\/\/president-ksgov.net\/?s={search_term_string}"},"query-input":{"@type":"PropertyValueSpecification","valueRequired":true,"valueName":"search_term_string"}}],"inLanguage":"en-US"},{"@type":"Person","@id":"https:\/\/president-ksgov.net\/#\/schema\/person\/1a2c014cffc81ec60d5a452a36d08d92","name":"presidentlogin","image":{"@type":"ImageObject","inLanguage":"en-US","@id":"https:\/\/president-ksgov.net\/#\/schema\/person\/image\/","url":"https:\/\/secure.gravatar.com\/avatar\/339f00ab0a8a0d5ce1ecff10aa2b4a1f51f58bbd5a57793f8cd6ad624080d807?s=96&d=mm&r=g","contentUrl":"https:\/\/secure.gravatar.com\/avatar\/339f00ab0a8a0d5ce1ecff10aa2b4a1f51f58bbd5a57793f8cd6ad624080d807?s=96&d=mm&r=g","caption":"presidentlogin"}}]}},"_links":{"self":[{"href":"https:\/\/president-ksgov.net\/en\/wp-json\/wp\/v2\/posts\/101522","targetHints":{"allow":["GET"]}}],"collection":[{"href":"https:\/\/president-ksgov.net\/en\/wp-json\/wp\/v2\/posts"}],"about":[{"href":"https:\/\/president-ksgov.net\/en\/wp-json\/wp\/v2\/types\/post"}],"author":[{"embeddable":true,"href":"https:\/\/president-ksgov.net\/en\/wp-json\/wp\/v2\/users\/11"}],"replies":[{"embeddable":true,"href":"https:\/\/president-ksgov.net\/en\/wp-json\/wp\/v2\/comments?post=101522"}],"version-history":[{"count":1,"href":"https:\/\/president-ksgov.net\/en\/wp-json\/wp\/v2\/posts\/101522\/revisions"}],"predecessor-version":[{"id":101523,"href":"https:\/\/president-ksgov.net\/en\/wp-json\/wp\/v2\/posts\/101522\/revisions\/101523"}],"wp:featuredmedia":[{"embeddable":true,"href":"https:\/\/president-ksgov.net\/en\/wp-json\/wp\/v2\/media\/101519"}],"wp:attachment":[{"href":"https:\/\/president-ksgov.net\/en\/wp-json\/wp\/v2\/media?parent=101522"}],"wp:term":[{"taxonomy":"category","embeddable":true,"href":"https:\/\/president-ksgov.net\/en\/wp-json\/wp\/v2\/categories?post=101522"},{"taxonomy":"post_tag","embeddable":true,"href":"https:\/\/president-ksgov.net\/en\/wp-json\/wp\/v2\/tags?post=101522"}],"curies":[{"name":"wp","href":"https:\/\/api.w.org\/{rel}","templated":true}]}}