{"id":101470,"date":"2024-03-01T22:00:41","date_gmt":"2024-03-01T21:00:41","guid":{"rendered":"https:\/\/president-ksgov.net\/?p=101470"},"modified":"2024-03-07T09:52:26","modified_gmt":"2024-03-07T08:52:26","slug":"president-vjosa-osmani-the-first-gentleman-prindon-sadriu-participated-at-the-third-edition-of-the-antalya-diplomacy-forum","status":"publish","type":"post","link":"https:\/\/president-ksgov.net\/en\/president-vjosa-osmani-the-first-gentleman-prindon-sadriu-participated-at-the-third-edition-of-the-antalya-diplomacy-forum\/","title":{"rendered":"President Vjosa Osmani the First Gentleman Prindon Sadriu participated at the third edition of the Antalya Diplomacy Forum"},"content":{"rendered":"<p>At the invitation of the President of the Republic of T\u00fcrkiye Recep Tayyip Erdo\u011fan, the President of the Republic of Kosovo Vjosa Osmani and the First Gentleman of the Republic of Kosovo Prindon Sadriu, participated in the third edition of the Antalya Diplomacy Forum.<\/p>\n<p>During their stay in T\u00fcrkiye, President Osmani and the First Gentleman took part at the opening ceremony of the Antalya Diplomacy Forum and at this edition&#8217;s dinner hosted by President Erdo\u011fan, where they had the opportunity to meet with heads of delegations and a number of first ladies of the participating states .<\/p>\n<p>On the second day of the Antalya Diplomacy Forum, the First Gentleman, at the invitation of the First Lady of the Republic of T\u00fcrkiye Emine Erdo\u011fan, attended the lunch laid by her with authentic Turkish motifs. In addition to the discussions with the First Lady Erdo\u011fan, the First Gentleman held close conversations on various issues with the Minister of Foreign Affairs of Mozambique, the former President of the Republic of Croatia Kolinda Grabar-Kitarovi\u0107, the First Lady of Bosnia and Herzegovina and with First Ladies and other representatives of different countries.<\/p>\n","protected":false},"excerpt":{"rendered":"<p>At the invitation of the President of the Republic of T\u00fcrkiye Recep Tayyip Erdo\u011fan, the President of the Republic of Kosovo Vjosa Osmani and the First Gentleman of the Republic of Kosovo Prindon Sadriu, participated in the third edition of the Antalya Diplomacy Forum. During their stay in T\u00fcrkiye, President Osmani and the First Gentleman took part at the opening ceremony of the Antalya Diplomacy Forum and at this edition&#8217;s dinner hosted by President Erdo\u011fan, where they had the opportunity to meet with heads of delegations and a number of first ladies of the participating states . On the second day of the Antalya Diplomacy Forum, the First Gentleman, at the invitation of the First Lady of the Republic of T\u00fcrkiye Emine Erdo\u011fan, attended the lunch laid by her with authentic Turkish motifs. In addition to the discussions with the First Lady Erdo\u011fan, the First Gentleman held close conversations on various issues with the Minister of Foreign Affairs of Mozambique, the former President of the Republic of Croatia Kolinda Grabar-Kitarovi\u0107, the First Lady of Bosnia and Herzegovina and with First Ladies and other representatives of different countries.<\/p>\n","protected":false},"author":11,"featured_media":101452,"comment_status":"open","ping_status":"closed","sticky":false,"template":"","format":"standard","meta":{"_eb_attr":"","footnotes":""},"categories":[113,111],"tags":[],"class_list":["post-101470","post","type-post","status-publish","format-standard","has-post-thumbnail","hentry","category-international-visits","category-news"],"yoast_head":"<!-- This site is optimized with the Yoast SEO plugin v23.5 - https:\/\/yoast.com\/wordpress\/plugins\/seo\/ -->\n<title>President Vjosa Osmani the First Gentleman Prindon Sadriu participated at the third edition of the Antalya Diplomacy Forum - President of the Republic of Kosovo - DR. VJOSA OSMANI - SADRIU<\/title>\n<meta name=\"description\" content=\"President Vjosa Osmani the First Gentleman Prindon Sadriu participated at the third edition of the Antalya Diplomacy Forum - President of the Republic of Kosovo - DR. VJOSA OSMANI - SADRIU -\" \/>\n<meta name=\"robots\" content=\"index, follow, max-snippet:-1, max-image-preview:large, max-video-preview:-1\" \/>\n<link rel=\"canonical\" href=\"https:\/\/president-ksgov.net\/en\/president-vjosa-osmani-the-first-gentleman-prindon-sadriu-participated-at-the-third-edition-of-the-antalya-diplomacy-forum\/\" \/>\n<meta property=\"og:locale\" content=\"en_US\" \/>\n<meta property=\"og:type\" content=\"article\" \/>\n<meta property=\"og:title\" content=\"President Vjosa Osmani the First Gentleman Prindon Sadriu participated at the third edition of the Antalya Diplomacy Forum - President of the Republic of Kosovo - DR. VJOSA OSMANI - SADRIU\" \/>\n<meta property=\"og:description\" content=\"President Vjosa Osmani the First Gentleman Prindon Sadriu participated at the third edition of the Antalya Diplomacy Forum - President of the Republic of Kosovo - DR. VJOSA OSMANI - SADRIU -\" \/>\n<meta property=\"og:url\" content=\"https:\/\/president-ksgov.net\/en\/president-vjosa-osmani-the-first-gentleman-prindon-sadriu-participated-at-the-third-edition-of-the-antalya-diplomacy-forum\/\" \/>\n<meta property=\"og:site_name\" content=\"President of the Republic of Kosovo - DR. VJOSA OSMANI - SADRIU\" \/>\n<meta property=\"article:published_time\" content=\"2024-03-01T21:00:41+00:00\" \/>\n<meta property=\"article:modified_time\" content=\"2024-03-07T08:52:26+00:00\" \/>\n<meta property=\"og:image\" content=\"https:\/\/president-ksgov.net\/wp-content\/uploads\/ZP-1.jpg\" \/>\n\t<meta property=\"og:image:width\" content=\"1280\" \/>\n\t<meta property=\"og:image:height\" content=\"949\" \/>\n\t<meta property=\"og:image:type\" content=\"image\/jpeg\" \/>\n<meta name=\"author\" content=\"presidentlogin\" \/>\n<meta name=\"twitter:card\" content=\"summary_large_image\" \/>\n<meta name=\"twitter:label1\" content=\"Written by\" \/>\n\t<meta name=\"twitter:data1\" content=\"presidentlogin\" \/>\n\t<meta name=\"twitter:label2\" content=\"Est. reading time\" \/>\n\t<meta name=\"twitter:data2\" content=\"2 minutes\" \/>\n<script type=\"application\/ld+json\" class=\"yoast-schema-graph\">{\"@context\":\"https:\/\/schema.org\",\"@graph\":[{\"@type\":\"WebPage\",\"@id\":\"https:\/\/president-ksgov.net\/en\/president-vjosa-osmani-the-first-gentleman-prindon-sadriu-participated-at-the-third-edition-of-the-antalya-diplomacy-forum\/\",\"url\":\"https:\/\/president-ksgov.net\/en\/president-vjosa-osmani-the-first-gentleman-prindon-sadriu-participated-at-the-third-edition-of-the-antalya-diplomacy-forum\/\",\"name\":\"President Vjosa Osmani the First Gentleman Prindon Sadriu participated at the third edition of the Antalya Diplomacy Forum - President of the Republic of Kosovo - DR. VJOSA OSMANI - SADRIU\",\"isPartOf\":{\"@id\":\"https:\/\/president-ksgov.net\/#website\"},\"primaryImageOfPage\":{\"@id\":\"https:\/\/president-ksgov.net\/en\/president-vjosa-osmani-the-first-gentleman-prindon-sadriu-participated-at-the-third-edition-of-the-antalya-diplomacy-forum\/#primaryimage\"},\"image\":{\"@id\":\"https:\/\/president-ksgov.net\/en\/president-vjosa-osmani-the-first-gentleman-prindon-sadriu-participated-at-the-third-edition-of-the-antalya-diplomacy-forum\/#primaryimage\"},\"thumbnailUrl\":\"https:\/\/president-ksgov.net\/wp-content\/uploads\/ZP-1.jpg\",\"datePublished\":\"2024-03-01T21:00:41+00:00\",\"dateModified\":\"2024-03-07T08:52:26+00:00\",\"author\":{\"@id\":\"https:\/\/president-ksgov.net\/#\/schema\/person\/1a2c014cffc81ec60d5a452a36d08d92\"},\"description\":\"President Vjosa Osmani the First Gentleman Prindon Sadriu participated at the third edition of the Antalya Diplomacy Forum - President of the Republic of Kosovo - DR. VJOSA OSMANI - SADRIU -\",\"breadcrumb\":{\"@id\":\"https:\/\/president-ksgov.net\/en\/president-vjosa-osmani-the-first-gentleman-prindon-sadriu-participated-at-the-third-edition-of-the-antalya-diplomacy-forum\/#breadcrumb\"},\"inLanguage\":\"en-US\",\"potentialAction\":[{\"@type\":\"ReadAction\",\"target\":[\"https:\/\/president-ksgov.net\/en\/president-vjosa-osmani-the-first-gentleman-prindon-sadriu-participated-at-the-third-edition-of-the-antalya-diplomacy-forum\/\"]}]},{\"@type\":\"ImageObject\",\"inLanguage\":\"en-US\",\"@id\":\"https:\/\/president-ksgov.net\/en\/president-vjosa-osmani-the-first-gentleman-prindon-sadriu-participated-at-the-third-edition-of-the-antalya-diplomacy-forum\/#primaryimage\",\"url\":\"https:\/\/president-ksgov.net\/wp-content\/uploads\/ZP-1.jpg\",\"contentUrl\":\"https:\/\/president-ksgov.net\/wp-content\/uploads\/ZP-1.jpg\",\"width\":1280,\"height\":949},{\"@type\":\"BreadcrumbList\",\"@id\":\"https:\/\/president-ksgov.net\/en\/president-vjosa-osmani-the-first-gentleman-prindon-sadriu-participated-at-the-third-edition-of-the-antalya-diplomacy-forum\/#breadcrumb\",\"itemListElement\":[{\"@type\":\"ListItem\",\"position\":1,\"name\":\"Home\",\"item\":\"https:\/\/president-ksgov.net\/en\/\"},{\"@type\":\"ListItem\",\"position\":2,\"name\":\"President Vjosa Osmani the First Gentleman Prindon Sadriu participated at the third edition of the Antalya Diplomacy Forum\"}]},{\"@type\":\"WebSite\",\"@id\":\"https:\/\/president-ksgov.net\/#website\",\"url\":\"https:\/\/president-ksgov.net\/\",\"name\":\"Presidente e Republik\u00ebs s\u00eb Kosov\u00ebs\",\"description\":\"Presidente e Republik\u00ebs s\u00eb Kosov\u00ebs\",\"alternateName\":\"DR. VJOSA OSMANI - SADRIU\",\"potentialAction\":[{\"@type\":\"SearchAction\",\"target\":{\"@type\":\"EntryPoint\",\"urlTemplate\":\"https:\/\/president-ksgov.net\/?s={search_term_string}\"},\"query-input\":{\"@type\":\"PropertyValueSpecification\",\"valueRequired\":true,\"valueName\":\"search_term_string\"}}],\"inLanguage\":\"en-US\"},{\"@type\":\"Person\",\"@id\":\"https:\/\/president-ksgov.net\/#\/schema\/person\/1a2c014cffc81ec60d5a452a36d08d92\",\"name\":\"presidentlogin\",\"image\":{\"@type\":\"ImageObject\",\"inLanguage\":\"en-US\",\"@id\":\"https:\/\/president-ksgov.net\/#\/schema\/person\/image\/\",\"url\":\"https:\/\/secure.gravatar.com\/avatar\/339f00ab0a8a0d5ce1ecff10aa2b4a1f51f58bbd5a57793f8cd6ad624080d807?s=96&d=mm&r=g\",\"contentUrl\":\"https:\/\/secure.gravatar.com\/avatar\/339f00ab0a8a0d5ce1ecff10aa2b4a1f51f58bbd5a57793f8cd6ad624080d807?s=96&d=mm&r=g\",\"caption\":\"presidentlogin\"}}]}<\/script>\n<!-- \/ Yoast SEO plugin. -->","yoast_head_json":{"title":"President Vjosa Osmani the First Gentleman Prindon Sadriu participated at the third edition of the Antalya Diplomacy Forum - President of the Republic of Kosovo - DR. VJOSA OSMANI - SADRIU","description":"President Vjosa Osmani the First Gentleman Prindon Sadriu participated at the third edition of the Antalya Diplomacy Forum - President of the Republic of Kosovo - DR. VJOSA OSMANI - SADRIU -","robots":{"index":"index","follow":"follow","max-snippet":"max-snippet:-1","max-image-preview":"max-image-preview:large","max-video-preview":"max-video-preview:-1"},"canonical":"https:\/\/president-ksgov.net\/en\/president-vjosa-osmani-the-first-gentleman-prindon-sadriu-participated-at-the-third-edition-of-the-antalya-diplomacy-forum\/","og_locale":"en_US","og_type":"article","og_title":"President Vjosa Osmani the First Gentleman Prindon Sadriu participated at the third edition of the Antalya Diplomacy Forum - President of the Republic of Kosovo - DR. VJOSA OSMANI - SADRIU","og_description":"President Vjosa Osmani the First Gentleman Prindon Sadriu participated at the third edition of the Antalya Diplomacy Forum - President of the Republic of Kosovo - DR. VJOSA OSMANI - SADRIU -","og_url":"https:\/\/president-ksgov.net\/en\/president-vjosa-osmani-the-first-gentleman-prindon-sadriu-participated-at-the-third-edition-of-the-antalya-diplomacy-forum\/","og_site_name":"President of the Republic of Kosovo - DR. VJOSA OSMANI - SADRIU","article_published_time":"2024-03-01T21:00:41+00:00","article_modified_time":"2024-03-07T08:52:26+00:00","og_image":[{"width":1280,"height":949,"url":"https:\/\/president-ksgov.net\/wp-content\/uploads\/ZP-1.jpg","type":"image\/jpeg"}],"author":"presidentlogin","twitter_card":"summary_large_image","twitter_misc":{"Written by":"presidentlogin","Est. reading time":"2 minutes"},"schema":{"@context":"https:\/\/schema.org","@graph":[{"@type":"WebPage","@id":"https:\/\/president-ksgov.net\/en\/president-vjosa-osmani-the-first-gentleman-prindon-sadriu-participated-at-the-third-edition-of-the-antalya-diplomacy-forum\/","url":"https:\/\/president-ksgov.net\/en\/president-vjosa-osmani-the-first-gentleman-prindon-sadriu-participated-at-the-third-edition-of-the-antalya-diplomacy-forum\/","name":"President Vjosa Osmani the First Gentleman Prindon Sadriu participated at the third edition of the Antalya Diplomacy Forum - President of the Republic of Kosovo - DR. VJOSA OSMANI - SADRIU","isPartOf":{"@id":"https:\/\/president-ksgov.net\/#website"},"primaryImageOfPage":{"@id":"https:\/\/president-ksgov.net\/en\/president-vjosa-osmani-the-first-gentleman-prindon-sadriu-participated-at-the-third-edition-of-the-antalya-diplomacy-forum\/#primaryimage"},"image":{"@id":"https:\/\/president-ksgov.net\/en\/president-vjosa-osmani-the-first-gentleman-prindon-sadriu-participated-at-the-third-edition-of-the-antalya-diplomacy-forum\/#primaryimage"},"thumbnailUrl":"https:\/\/president-ksgov.net\/wp-content\/uploads\/ZP-1.jpg","datePublished":"2024-03-01T21:00:41+00:00","dateModified":"2024-03-07T08:52:26+00:00","author":{"@id":"https:\/\/president-ksgov.net\/#\/schema\/person\/1a2c014cffc81ec60d5a452a36d08d92"},"description":"President Vjosa Osmani the First Gentleman Prindon Sadriu participated at the third edition of the Antalya Diplomacy Forum - President of the Republic of Kosovo - DR. VJOSA OSMANI - SADRIU -","breadcrumb":{"@id":"https:\/\/president-ksgov.net\/en\/president-vjosa-osmani-the-first-gentleman-prindon-sadriu-participated-at-the-third-edition-of-the-antalya-diplomacy-forum\/#breadcrumb"},"inLanguage":"en-US","potentialAction":[{"@type":"ReadAction","target":["https:\/\/president-ksgov.net\/en\/president-vjosa-osmani-the-first-gentleman-prindon-sadriu-participated-at-the-third-edition-of-the-antalya-diplomacy-forum\/"]}]},{"@type":"ImageObject","inLanguage":"en-US","@id":"https:\/\/president-ksgov.net\/en\/president-vjosa-osmani-the-first-gentleman-prindon-sadriu-participated-at-the-third-edition-of-the-antalya-diplomacy-forum\/#primaryimage","url":"https:\/\/president-ksgov.net\/wp-content\/uploads\/ZP-1.jpg","contentUrl":"https:\/\/president-ksgov.net\/wp-content\/uploads\/ZP-1.jpg","width":1280,"height":949},{"@type":"BreadcrumbList","@id":"https:\/\/president-ksgov.net\/en\/president-vjosa-osmani-the-first-gentleman-prindon-sadriu-participated-at-the-third-edition-of-the-antalya-diplomacy-forum\/#breadcrumb","itemListElement":[{"@type":"ListItem","position":1,"name":"Home","item":"https:\/\/president-ksgov.net\/en\/"},{"@type":"ListItem","position":2,"name":"President Vjosa Osmani the First Gentleman Prindon Sadriu participated at the third edition of the Antalya Diplomacy Forum"}]},{"@type":"WebSite","@id":"https:\/\/president-ksgov.net\/#website","url":"https:\/\/president-ksgov.net\/","name":"Presidente e Republik\u00ebs s\u00eb Kosov\u00ebs","description":"Presidente e Republik\u00ebs s\u00eb Kosov\u00ebs","alternateName":"DR. VJOSA OSMANI - SADRIU","potentialAction":[{"@type":"SearchAction","target":{"@type":"EntryPoint","urlTemplate":"https:\/\/president-ksgov.net\/?s={search_term_string}"},"query-input":{"@type":"PropertyValueSpecification","valueRequired":true,"valueName":"search_term_string"}}],"inLanguage":"en-US"},{"@type":"Person","@id":"https:\/\/president-ksgov.net\/#\/schema\/person\/1a2c014cffc81ec60d5a452a36d08d92","name":"presidentlogin","image":{"@type":"ImageObject","inLanguage":"en-US","@id":"https:\/\/president-ksgov.net\/#\/schema\/person\/image\/","url":"https:\/\/secure.gravatar.com\/avatar\/339f00ab0a8a0d5ce1ecff10aa2b4a1f51f58bbd5a57793f8cd6ad624080d807?s=96&d=mm&r=g","contentUrl":"https:\/\/secure.gravatar.com\/avatar\/339f00ab0a8a0d5ce1ecff10aa2b4a1f51f58bbd5a57793f8cd6ad624080d807?s=96&d=mm&r=g","caption":"presidentlogin"}}]}},"_links":{"self":[{"href":"https:\/\/president-ksgov.net\/en\/wp-json\/wp\/v2\/posts\/101470","targetHints":{"allow":["GET"]}}],"collection":[{"href":"https:\/\/president-ksgov.net\/en\/wp-json\/wp\/v2\/posts"}],"about":[{"href":"https:\/\/president-ksgov.net\/en\/wp-json\/wp\/v2\/types\/post"}],"author":[{"embeddable":true,"href":"https:\/\/president-ksgov.net\/en\/wp-json\/wp\/v2\/users\/11"}],"replies":[{"embeddable":true,"href":"https:\/\/president-ksgov.net\/en\/wp-json\/wp\/v2\/comments?post=101470"}],"version-history":[{"count":1,"href":"https:\/\/president-ksgov.net\/en\/wp-json\/wp\/v2\/posts\/101470\/revisions"}],"predecessor-version":[{"id":101471,"href":"https:\/\/president-ksgov.net\/en\/wp-json\/wp\/v2\/posts\/101470\/revisions\/101471"}],"wp:featuredmedia":[{"embeddable":true,"href":"https:\/\/president-ksgov.net\/en\/wp-json\/wp\/v2\/media\/101452"}],"wp:attachment":[{"href":"https:\/\/president-ksgov.net\/en\/wp-json\/wp\/v2\/media?parent=101470"}],"wp:term":[{"taxonomy":"category","embeddable":true,"href":"https:\/\/president-ksgov.net\/en\/wp-json\/wp\/v2\/categories?post=101470"},{"taxonomy":"post_tag","embeddable":true,"href":"https:\/\/president-ksgov.net\/en\/wp-json\/wp\/v2\/tags?post=101470"}],"curies":[{"name":"wp","href":"https:\/\/api.w.org\/{rel}","templated":true}]}}