{"id":101199,"date":"2024-03-01T09:15:49","date_gmt":"2024-03-01T08:15:49","guid":{"rendered":"https:\/\/president-ksgov.net\/?p=101199"},"modified":"2024-03-01T09:45:23","modified_gmt":"2024-03-01T08:45:23","slug":"president-osmani-in-turkiye-for-the-antalya-diplomatic-forum","status":"publish","type":"post","link":"https:\/\/president-ksgov.net\/en\/president-osmani-in-turkiye-for-the-antalya-diplomatic-forum\/","title":{"rendered":"President Osmani in T\u00fcrkiye for the Antalya Diplomatic Forum"},"content":{"rendered":"<p>Upon an invitation by the President of the Republic of T\u00fcrkiye Recep Tayyip Erdo\u011fan, the President of the Republic of Kosovo Vjosa Osmani departed for \u00a0T\u00fcrkiye, where she will participate at the Antalya Diplomatic Forum.<\/p>\n<p>During the Forum, President Osmani will be a speaker at the main leader\u2019s panel, on the theme of this year&#8217;s forum: &#8220;Advancing diplomacy in times of turmoil&#8221;.<\/p>\n<p>During the Forum proceedings, President Osmani will also meet with counterparts from several countries of the world, participating at the forum.<\/p>\n<p>The Antalya Diplomatic Forum is a high-level meeting that addresses international challenges and is attended by state leaders, diplomats and academics. This year&#8217;s forum will take place from March 1st to March 3rd.<\/p>\n","protected":false},"excerpt":{"rendered":"<p>Upon an invitation by the President of the Republic of T\u00fcrkiye Recep Tayyip Erdo\u011fan, the President of the Republic of Kosovo Vjosa Osmani departed for \u00a0T\u00fcrkiye, where she will participate at the Antalya Diplomatic Forum. During the Forum, President Osmani will be a speaker at the main leader\u2019s panel, on the theme of this year&#8217;s forum: &#8220;Advancing diplomacy in times of turmoil&#8221;. During the Forum proceedings, President Osmani will also meet with counterparts from several countries of the world, participating at the forum. The Antalya Diplomatic Forum is a high-level meeting that addresses international challenges and is attended by state leaders, diplomats and academics. This year&#8217;s forum will take place from March 1st to March 3rd.<\/p>\n","protected":false},"author":11,"featured_media":101196,"comment_status":"open","ping_status":"closed","sticky":false,"template":"","format":"standard","meta":{"_eb_attr":"","footnotes":""},"categories":[111],"tags":[],"class_list":["post-101199","post","type-post","status-publish","format-standard","has-post-thumbnail","hentry","category-news"],"yoast_head":"<!-- This site is optimized with the Yoast SEO plugin v23.5 - https:\/\/yoast.com\/wordpress\/plugins\/seo\/ -->\n<title>President Osmani in T\u00fcrkiye for the Antalya Diplomatic Forum - President of the Republic of Kosovo - DR. VJOSA OSMANI - SADRIU<\/title>\n<meta name=\"description\" content=\"President Osmani in T\u00fcrkiye for the Antalya Diplomatic Forum - President of the Republic of Kosovo - DR. VJOSA OSMANI - SADRIU -\" \/>\n<meta name=\"robots\" content=\"index, follow, max-snippet:-1, max-image-preview:large, max-video-preview:-1\" \/>\n<link rel=\"canonical\" href=\"https:\/\/president-ksgov.net\/en\/president-osmani-in-turkiye-for-the-antalya-diplomatic-forum\/\" \/>\n<meta property=\"og:locale\" content=\"en_US\" \/>\n<meta property=\"og:type\" content=\"article\" \/>\n<meta property=\"og:title\" content=\"President Osmani in T\u00fcrkiye for the Antalya Diplomatic Forum - President of the Republic of Kosovo - DR. VJOSA OSMANI - SADRIU\" \/>\n<meta property=\"og:description\" content=\"President Osmani in T\u00fcrkiye for the Antalya Diplomatic Forum - President of the Republic of Kosovo - DR. VJOSA OSMANI - SADRIU -\" \/>\n<meta property=\"og:url\" content=\"https:\/\/president-ksgov.net\/en\/president-osmani-in-turkiye-for-the-antalya-diplomatic-forum\/\" \/>\n<meta property=\"og:site_name\" content=\"President of the Republic of Kosovo - DR. VJOSA OSMANI - SADRIU\" \/>\n<meta property=\"article:published_time\" content=\"2024-03-01T08:15:49+00:00\" \/>\n<meta property=\"article:modified_time\" content=\"2024-03-01T08:45:23+00:00\" \/>\n<meta property=\"og:image\" content=\"https:\/\/president-ksgov.net\/wp-content\/uploads\/PRKS_ADF-2022.jpg\" \/>\n\t<meta property=\"og:image:width\" content=\"1280\" \/>\n\t<meta property=\"og:image:height\" content=\"851\" \/>\n\t<meta property=\"og:image:type\" content=\"image\/jpeg\" \/>\n<meta name=\"author\" content=\"presidentlogin\" \/>\n<meta name=\"twitter:card\" content=\"summary_large_image\" \/>\n<meta name=\"twitter:label1\" content=\"Written by\" \/>\n\t<meta name=\"twitter:data1\" content=\"presidentlogin\" \/>\n\t<meta name=\"twitter:label2\" content=\"Est. reading time\" \/>\n\t<meta name=\"twitter:data2\" content=\"1 minute\" \/>\n<script type=\"application\/ld+json\" class=\"yoast-schema-graph\">{\"@context\":\"https:\/\/schema.org\",\"@graph\":[{\"@type\":\"WebPage\",\"@id\":\"https:\/\/president-ksgov.net\/en\/president-osmani-in-turkiye-for-the-antalya-diplomatic-forum\/\",\"url\":\"https:\/\/president-ksgov.net\/en\/president-osmani-in-turkiye-for-the-antalya-diplomatic-forum\/\",\"name\":\"President Osmani in T\u00fcrkiye for the Antalya Diplomatic Forum - President of the Republic of Kosovo - DR. VJOSA OSMANI - SADRIU\",\"isPartOf\":{\"@id\":\"https:\/\/president-ksgov.net\/#website\"},\"primaryImageOfPage\":{\"@id\":\"https:\/\/president-ksgov.net\/en\/president-osmani-in-turkiye-for-the-antalya-diplomatic-forum\/#primaryimage\"},\"image\":{\"@id\":\"https:\/\/president-ksgov.net\/en\/president-osmani-in-turkiye-for-the-antalya-diplomatic-forum\/#primaryimage\"},\"thumbnailUrl\":\"https:\/\/president-ksgov.net\/wp-content\/uploads\/PRKS_ADF-2022.jpg\",\"datePublished\":\"2024-03-01T08:15:49+00:00\",\"dateModified\":\"2024-03-01T08:45:23+00:00\",\"author\":{\"@id\":\"https:\/\/president-ksgov.net\/#\/schema\/person\/1a2c014cffc81ec60d5a452a36d08d92\"},\"description\":\"President Osmani in T\u00fcrkiye for the Antalya Diplomatic Forum - President of the Republic of Kosovo - DR. VJOSA OSMANI - SADRIU -\",\"breadcrumb\":{\"@id\":\"https:\/\/president-ksgov.net\/en\/president-osmani-in-turkiye-for-the-antalya-diplomatic-forum\/#breadcrumb\"},\"inLanguage\":\"en-US\",\"potentialAction\":[{\"@type\":\"ReadAction\",\"target\":[\"https:\/\/president-ksgov.net\/en\/president-osmani-in-turkiye-for-the-antalya-diplomatic-forum\/\"]}]},{\"@type\":\"ImageObject\",\"inLanguage\":\"en-US\",\"@id\":\"https:\/\/president-ksgov.net\/en\/president-osmani-in-turkiye-for-the-antalya-diplomatic-forum\/#primaryimage\",\"url\":\"https:\/\/president-ksgov.net\/wp-content\/uploads\/PRKS_ADF-2022.jpg\",\"contentUrl\":\"https:\/\/president-ksgov.net\/wp-content\/uploads\/PRKS_ADF-2022.jpg\",\"width\":1280,\"height\":851},{\"@type\":\"BreadcrumbList\",\"@id\":\"https:\/\/president-ksgov.net\/en\/president-osmani-in-turkiye-for-the-antalya-diplomatic-forum\/#breadcrumb\",\"itemListElement\":[{\"@type\":\"ListItem\",\"position\":1,\"name\":\"Home\",\"item\":\"https:\/\/president-ksgov.net\/en\/\"},{\"@type\":\"ListItem\",\"position\":2,\"name\":\"President Osmani in T\u00fcrkiye for the Antalya Diplomatic Forum\"}]},{\"@type\":\"WebSite\",\"@id\":\"https:\/\/president-ksgov.net\/#website\",\"url\":\"https:\/\/president-ksgov.net\/\",\"name\":\"Presidente e Republik\u00ebs s\u00eb Kosov\u00ebs\",\"description\":\"Presidente e Republik\u00ebs s\u00eb Kosov\u00ebs\",\"alternateName\":\"DR. VJOSA OSMANI - SADRIU\",\"potentialAction\":[{\"@type\":\"SearchAction\",\"target\":{\"@type\":\"EntryPoint\",\"urlTemplate\":\"https:\/\/president-ksgov.net\/?s={search_term_string}\"},\"query-input\":{\"@type\":\"PropertyValueSpecification\",\"valueRequired\":true,\"valueName\":\"search_term_string\"}}],\"inLanguage\":\"en-US\"},{\"@type\":\"Person\",\"@id\":\"https:\/\/president-ksgov.net\/#\/schema\/person\/1a2c014cffc81ec60d5a452a36d08d92\",\"name\":\"presidentlogin\",\"image\":{\"@type\":\"ImageObject\",\"inLanguage\":\"en-US\",\"@id\":\"https:\/\/president-ksgov.net\/#\/schema\/person\/image\/\",\"url\":\"https:\/\/secure.gravatar.com\/avatar\/339f00ab0a8a0d5ce1ecff10aa2b4a1f51f58bbd5a57793f8cd6ad624080d807?s=96&d=mm&r=g\",\"contentUrl\":\"https:\/\/secure.gravatar.com\/avatar\/339f00ab0a8a0d5ce1ecff10aa2b4a1f51f58bbd5a57793f8cd6ad624080d807?s=96&d=mm&r=g\",\"caption\":\"presidentlogin\"}}]}<\/script>\n<!-- \/ Yoast SEO plugin. -->","yoast_head_json":{"title":"President Osmani in T\u00fcrkiye for the Antalya Diplomatic Forum - President of the Republic of Kosovo - DR. VJOSA OSMANI - SADRIU","description":"President Osmani in T\u00fcrkiye for the Antalya Diplomatic Forum - President of the Republic of Kosovo - DR. VJOSA OSMANI - SADRIU -","robots":{"index":"index","follow":"follow","max-snippet":"max-snippet:-1","max-image-preview":"max-image-preview:large","max-video-preview":"max-video-preview:-1"},"canonical":"https:\/\/president-ksgov.net\/en\/president-osmani-in-turkiye-for-the-antalya-diplomatic-forum\/","og_locale":"en_US","og_type":"article","og_title":"President Osmani in T\u00fcrkiye for the Antalya Diplomatic Forum - President of the Republic of Kosovo - DR. VJOSA OSMANI - SADRIU","og_description":"President Osmani in T\u00fcrkiye for the Antalya Diplomatic Forum - President of the Republic of Kosovo - DR. VJOSA OSMANI - SADRIU -","og_url":"https:\/\/president-ksgov.net\/en\/president-osmani-in-turkiye-for-the-antalya-diplomatic-forum\/","og_site_name":"President of the Republic of Kosovo - DR. VJOSA OSMANI - SADRIU","article_published_time":"2024-03-01T08:15:49+00:00","article_modified_time":"2024-03-01T08:45:23+00:00","og_image":[{"width":1280,"height":851,"url":"https:\/\/president-ksgov.net\/wp-content\/uploads\/PRKS_ADF-2022.jpg","type":"image\/jpeg"}],"author":"presidentlogin","twitter_card":"summary_large_image","twitter_misc":{"Written by":"presidentlogin","Est. reading time":"1 minute"},"schema":{"@context":"https:\/\/schema.org","@graph":[{"@type":"WebPage","@id":"https:\/\/president-ksgov.net\/en\/president-osmani-in-turkiye-for-the-antalya-diplomatic-forum\/","url":"https:\/\/president-ksgov.net\/en\/president-osmani-in-turkiye-for-the-antalya-diplomatic-forum\/","name":"President Osmani in T\u00fcrkiye for the Antalya Diplomatic Forum - President of the Republic of Kosovo - DR. VJOSA OSMANI - SADRIU","isPartOf":{"@id":"https:\/\/president-ksgov.net\/#website"},"primaryImageOfPage":{"@id":"https:\/\/president-ksgov.net\/en\/president-osmani-in-turkiye-for-the-antalya-diplomatic-forum\/#primaryimage"},"image":{"@id":"https:\/\/president-ksgov.net\/en\/president-osmani-in-turkiye-for-the-antalya-diplomatic-forum\/#primaryimage"},"thumbnailUrl":"https:\/\/president-ksgov.net\/wp-content\/uploads\/PRKS_ADF-2022.jpg","datePublished":"2024-03-01T08:15:49+00:00","dateModified":"2024-03-01T08:45:23+00:00","author":{"@id":"https:\/\/president-ksgov.net\/#\/schema\/person\/1a2c014cffc81ec60d5a452a36d08d92"},"description":"President Osmani in T\u00fcrkiye for the Antalya Diplomatic Forum - President of the Republic of Kosovo - DR. VJOSA OSMANI - SADRIU -","breadcrumb":{"@id":"https:\/\/president-ksgov.net\/en\/president-osmani-in-turkiye-for-the-antalya-diplomatic-forum\/#breadcrumb"},"inLanguage":"en-US","potentialAction":[{"@type":"ReadAction","target":["https:\/\/president-ksgov.net\/en\/president-osmani-in-turkiye-for-the-antalya-diplomatic-forum\/"]}]},{"@type":"ImageObject","inLanguage":"en-US","@id":"https:\/\/president-ksgov.net\/en\/president-osmani-in-turkiye-for-the-antalya-diplomatic-forum\/#primaryimage","url":"https:\/\/president-ksgov.net\/wp-content\/uploads\/PRKS_ADF-2022.jpg","contentUrl":"https:\/\/president-ksgov.net\/wp-content\/uploads\/PRKS_ADF-2022.jpg","width":1280,"height":851},{"@type":"BreadcrumbList","@id":"https:\/\/president-ksgov.net\/en\/president-osmani-in-turkiye-for-the-antalya-diplomatic-forum\/#breadcrumb","itemListElement":[{"@type":"ListItem","position":1,"name":"Home","item":"https:\/\/president-ksgov.net\/en\/"},{"@type":"ListItem","position":2,"name":"President Osmani in T\u00fcrkiye for the Antalya Diplomatic Forum"}]},{"@type":"WebSite","@id":"https:\/\/president-ksgov.net\/#website","url":"https:\/\/president-ksgov.net\/","name":"Presidente e Republik\u00ebs s\u00eb Kosov\u00ebs","description":"Presidente e Republik\u00ebs s\u00eb Kosov\u00ebs","alternateName":"DR. VJOSA OSMANI - SADRIU","potentialAction":[{"@type":"SearchAction","target":{"@type":"EntryPoint","urlTemplate":"https:\/\/president-ksgov.net\/?s={search_term_string}"},"query-input":{"@type":"PropertyValueSpecification","valueRequired":true,"valueName":"search_term_string"}}],"inLanguage":"en-US"},{"@type":"Person","@id":"https:\/\/president-ksgov.net\/#\/schema\/person\/1a2c014cffc81ec60d5a452a36d08d92","name":"presidentlogin","image":{"@type":"ImageObject","inLanguage":"en-US","@id":"https:\/\/president-ksgov.net\/#\/schema\/person\/image\/","url":"https:\/\/secure.gravatar.com\/avatar\/339f00ab0a8a0d5ce1ecff10aa2b4a1f51f58bbd5a57793f8cd6ad624080d807?s=96&d=mm&r=g","contentUrl":"https:\/\/secure.gravatar.com\/avatar\/339f00ab0a8a0d5ce1ecff10aa2b4a1f51f58bbd5a57793f8cd6ad624080d807?s=96&d=mm&r=g","caption":"presidentlogin"}}]}},"_links":{"self":[{"href":"https:\/\/president-ksgov.net\/en\/wp-json\/wp\/v2\/posts\/101199","targetHints":{"allow":["GET"]}}],"collection":[{"href":"https:\/\/president-ksgov.net\/en\/wp-json\/wp\/v2\/posts"}],"about":[{"href":"https:\/\/president-ksgov.net\/en\/wp-json\/wp\/v2\/types\/post"}],"author":[{"embeddable":true,"href":"https:\/\/president-ksgov.net\/en\/wp-json\/wp\/v2\/users\/11"}],"replies":[{"embeddable":true,"href":"https:\/\/president-ksgov.net\/en\/wp-json\/wp\/v2\/comments?post=101199"}],"version-history":[{"count":1,"href":"https:\/\/president-ksgov.net\/en\/wp-json\/wp\/v2\/posts\/101199\/revisions"}],"predecessor-version":[{"id":101200,"href":"https:\/\/president-ksgov.net\/en\/wp-json\/wp\/v2\/posts\/101199\/revisions\/101200"}],"wp:featuredmedia":[{"embeddable":true,"href":"https:\/\/president-ksgov.net\/en\/wp-json\/wp\/v2\/media\/101196"}],"wp:attachment":[{"href":"https:\/\/president-ksgov.net\/en\/wp-json\/wp\/v2\/media?parent=101199"}],"wp:term":[{"taxonomy":"category","embeddable":true,"href":"https:\/\/president-ksgov.net\/en\/wp-json\/wp\/v2\/categories?post=101199"},{"taxonomy":"post_tag","embeddable":true,"href":"https:\/\/president-ksgov.net\/en\/wp-json\/wp\/v2\/tags?post=101199"}],"curies":[{"name":"wp","href":"https:\/\/api.w.org\/{rel}","templated":true}]}}