{"id":100751,"date":"2024-02-16T19:00:14","date_gmt":"2024-02-16T18:00:14","guid":{"rendered":"https:\/\/president-ksgov.net\/?p=100751"},"modified":"2024-02-16T20:26:14","modified_gmt":"2024-02-16T19:26:14","slug":"president-macron-congratulates-president-osmani-on-independence-day-the-place-of-the-country-of-kosovo-will-be-within-the-european-union","status":"publish","type":"post","link":"https:\/\/president-ksgov.net\/en\/president-macron-congratulates-president-osmani-on-independence-day-the-place-of-the-country-of-kosovo-will-be-within-the-european-union\/","title":{"rendered":"President Macron congratulates President Osmani on Independence Day: The place of the country of Kosovo will be within the European Union"},"content":{"rendered":"<p>The President of the Republic of Kosovo Vjosa Osmani, on the occasion of the 16th anniversary of the Independence of the Republic of Kosovo, received a congratulatory letter from the President of the French Republic, Emmanuel Macron.<\/p>\n<p>In the congratulatory letter sent to President Osmani, President Macron hails the dynamism of Kosovo and the impressive progress made since the declaration of independence, saying that the place of the country of Kosovo will be within the European Union.<\/p>\n<p>&nbsp;<\/p>\n<p><a href=\"https:\/\/president-ksgov.net\/wp-content\/uploads\/Letra-e-Presidentit-Macron-per-Presidenten-Osmani-me-rastin-e-16-vjetori.pdf\">Below is the full congratulatory letter sent by President Macron.<\/a><\/p>\n","protected":false},"excerpt":{"rendered":"<p>The President of the Republic of Kosovo Vjosa Osmani, on the occasion of the 16th anniversary of the Independence of the Republic of Kosovo, received a congratulatory letter from the President of the French Republic, Emmanuel Macron. In the congratulatory letter sent to President Osmani, President Macron hails the dynamism of Kosovo and the impressive progress made since the declaration of independence, saying that the place of the country of Kosovo will be within the European Union. &nbsp; Below is the full congratulatory letter sent by President Macron.<\/p>\n","protected":false},"author":11,"featured_media":100748,"comment_status":"open","ping_status":"closed","sticky":false,"template":"","format":"standard","meta":{"_eb_attr":"","footnotes":""},"categories":[111],"tags":[],"class_list":["post-100751","post","type-post","status-publish","format-standard","has-post-thumbnail","hentry","category-news"],"yoast_head":"<!-- This site is optimized with the Yoast SEO plugin v23.5 - https:\/\/yoast.com\/wordpress\/plugins\/seo\/ -->\n<title>President Macron congratulates President Osmani on Independence Day: The place of the country of Kosovo will be within the European Union - President of the Republic of Kosovo - DR. VJOSA OSMANI - SADRIU<\/title>\n<meta name=\"description\" content=\"President Macron congratulates President Osmani on Independence Day: The place of the country of Kosovo will be within the European Union - President of the Republic of Kosovo - DR. VJOSA OSMANI - SADRIU -\" \/>\n<meta name=\"robots\" content=\"index, follow, max-snippet:-1, max-image-preview:large, max-video-preview:-1\" \/>\n<link rel=\"canonical\" href=\"https:\/\/president-ksgov.net\/en\/president-macron-congratulates-president-osmani-on-independence-day-the-place-of-the-country-of-kosovo-will-be-within-the-european-union\/\" \/>\n<meta property=\"og:locale\" content=\"en_US\" \/>\n<meta property=\"og:type\" content=\"article\" \/>\n<meta property=\"og:title\" content=\"President Macron congratulates President Osmani on Independence Day: The place of the country of Kosovo will be within the European Union - President of the Republic of Kosovo - DR. VJOSA OSMANI - SADRIU\" \/>\n<meta property=\"og:description\" content=\"President Macron congratulates President Osmani on Independence Day: The place of the country of Kosovo will be within the European Union - President of the Republic of Kosovo - DR. VJOSA OSMANI - SADRIU -\" \/>\n<meta property=\"og:url\" content=\"https:\/\/president-ksgov.net\/en\/president-macron-congratulates-president-osmani-on-independence-day-the-place-of-the-country-of-kosovo-will-be-within-the-european-union\/\" \/>\n<meta property=\"og:site_name\" content=\"President of the Republic of Kosovo - DR. VJOSA OSMANI - SADRIU\" \/>\n<meta property=\"article:published_time\" content=\"2024-02-16T18:00:14+00:00\" \/>\n<meta property=\"article:modified_time\" content=\"2024-02-16T19:26:14+00:00\" \/>\n<meta property=\"og:image\" content=\"https:\/\/president-ksgov.net\/wp-content\/uploads\/franca_1.jpg\" \/>\n\t<meta property=\"og:image:width\" content=\"1240\" \/>\n\t<meta property=\"og:image:height\" content=\"1754\" \/>\n\t<meta property=\"og:image:type\" content=\"image\/jpeg\" \/>\n<meta name=\"author\" content=\"presidentlogin\" \/>\n<meta name=\"twitter:card\" content=\"summary_large_image\" \/>\n<meta name=\"twitter:label1\" content=\"Written by\" \/>\n\t<meta name=\"twitter:data1\" content=\"presidentlogin\" \/>\n\t<meta name=\"twitter:label2\" content=\"Est. reading time\" \/>\n\t<meta name=\"twitter:data2\" content=\"1 minute\" \/>\n<script type=\"application\/ld+json\" class=\"yoast-schema-graph\">{\"@context\":\"https:\/\/schema.org\",\"@graph\":[{\"@type\":\"WebPage\",\"@id\":\"https:\/\/president-ksgov.net\/en\/president-macron-congratulates-president-osmani-on-independence-day-the-place-of-the-country-of-kosovo-will-be-within-the-european-union\/\",\"url\":\"https:\/\/president-ksgov.net\/en\/president-macron-congratulates-president-osmani-on-independence-day-the-place-of-the-country-of-kosovo-will-be-within-the-european-union\/\",\"name\":\"President Macron congratulates President Osmani on Independence Day: The place of the country of Kosovo will be within the European Union - President of the Republic of Kosovo - DR. VJOSA OSMANI - SADRIU\",\"isPartOf\":{\"@id\":\"https:\/\/president-ksgov.net\/#website\"},\"primaryImageOfPage\":{\"@id\":\"https:\/\/president-ksgov.net\/en\/president-macron-congratulates-president-osmani-on-independence-day-the-place-of-the-country-of-kosovo-will-be-within-the-european-union\/#primaryimage\"},\"image\":{\"@id\":\"https:\/\/president-ksgov.net\/en\/president-macron-congratulates-president-osmani-on-independence-day-the-place-of-the-country-of-kosovo-will-be-within-the-european-union\/#primaryimage\"},\"thumbnailUrl\":\"https:\/\/president-ksgov.net\/wp-content\/uploads\/franca_1.jpg\",\"datePublished\":\"2024-02-16T18:00:14+00:00\",\"dateModified\":\"2024-02-16T19:26:14+00:00\",\"author\":{\"@id\":\"https:\/\/president-ksgov.net\/#\/schema\/person\/1a2c014cffc81ec60d5a452a36d08d92\"},\"description\":\"President Macron congratulates President Osmani on Independence Day: The place of the country of Kosovo will be within the European Union - President of the Republic of Kosovo - DR. VJOSA OSMANI - SADRIU -\",\"breadcrumb\":{\"@id\":\"https:\/\/president-ksgov.net\/en\/president-macron-congratulates-president-osmani-on-independence-day-the-place-of-the-country-of-kosovo-will-be-within-the-european-union\/#breadcrumb\"},\"inLanguage\":\"en-US\",\"potentialAction\":[{\"@type\":\"ReadAction\",\"target\":[\"https:\/\/president-ksgov.net\/en\/president-macron-congratulates-president-osmani-on-independence-day-the-place-of-the-country-of-kosovo-will-be-within-the-european-union\/\"]}]},{\"@type\":\"ImageObject\",\"inLanguage\":\"en-US\",\"@id\":\"https:\/\/president-ksgov.net\/en\/president-macron-congratulates-president-osmani-on-independence-day-the-place-of-the-country-of-kosovo-will-be-within-the-european-union\/#primaryimage\",\"url\":\"https:\/\/president-ksgov.net\/wp-content\/uploads\/franca_1.jpg\",\"contentUrl\":\"https:\/\/president-ksgov.net\/wp-content\/uploads\/franca_1.jpg\",\"width\":1240,\"height\":1754},{\"@type\":\"BreadcrumbList\",\"@id\":\"https:\/\/president-ksgov.net\/en\/president-macron-congratulates-president-osmani-on-independence-day-the-place-of-the-country-of-kosovo-will-be-within-the-european-union\/#breadcrumb\",\"itemListElement\":[{\"@type\":\"ListItem\",\"position\":1,\"name\":\"Home\",\"item\":\"https:\/\/president-ksgov.net\/en\/\"},{\"@type\":\"ListItem\",\"position\":2,\"name\":\"President Macron congratulates President Osmani on Independence Day: The place of the country of Kosovo will be within the European Union\"}]},{\"@type\":\"WebSite\",\"@id\":\"https:\/\/president-ksgov.net\/#website\",\"url\":\"https:\/\/president-ksgov.net\/\",\"name\":\"Presidente e Republik\u00ebs s\u00eb Kosov\u00ebs\",\"description\":\"Presidente e Republik\u00ebs s\u00eb Kosov\u00ebs\",\"alternateName\":\"DR. VJOSA OSMANI - SADRIU\",\"potentialAction\":[{\"@type\":\"SearchAction\",\"target\":{\"@type\":\"EntryPoint\",\"urlTemplate\":\"https:\/\/president-ksgov.net\/?s={search_term_string}\"},\"query-input\":{\"@type\":\"PropertyValueSpecification\",\"valueRequired\":true,\"valueName\":\"search_term_string\"}}],\"inLanguage\":\"en-US\"},{\"@type\":\"Person\",\"@id\":\"https:\/\/president-ksgov.net\/#\/schema\/person\/1a2c014cffc81ec60d5a452a36d08d92\",\"name\":\"presidentlogin\",\"image\":{\"@type\":\"ImageObject\",\"inLanguage\":\"en-US\",\"@id\":\"https:\/\/president-ksgov.net\/#\/schema\/person\/image\/\",\"url\":\"https:\/\/secure.gravatar.com\/avatar\/339f00ab0a8a0d5ce1ecff10aa2b4a1f51f58bbd5a57793f8cd6ad624080d807?s=96&d=mm&r=g\",\"contentUrl\":\"https:\/\/secure.gravatar.com\/avatar\/339f00ab0a8a0d5ce1ecff10aa2b4a1f51f58bbd5a57793f8cd6ad624080d807?s=96&d=mm&r=g\",\"caption\":\"presidentlogin\"}}]}<\/script>\n<!-- \/ Yoast SEO plugin. -->","yoast_head_json":{"title":"President Macron congratulates President Osmani on Independence Day: The place of the country of Kosovo will be within the European Union - President of the Republic of Kosovo - DR. VJOSA OSMANI - SADRIU","description":"President Macron congratulates President Osmani on Independence Day: The place of the country of Kosovo will be within the European Union - President of the Republic of Kosovo - DR. VJOSA OSMANI - SADRIU -","robots":{"index":"index","follow":"follow","max-snippet":"max-snippet:-1","max-image-preview":"max-image-preview:large","max-video-preview":"max-video-preview:-1"},"canonical":"https:\/\/president-ksgov.net\/en\/president-macron-congratulates-president-osmani-on-independence-day-the-place-of-the-country-of-kosovo-will-be-within-the-european-union\/","og_locale":"en_US","og_type":"article","og_title":"President Macron congratulates President Osmani on Independence Day: The place of the country of Kosovo will be within the European Union - President of the Republic of Kosovo - DR. VJOSA OSMANI - SADRIU","og_description":"President Macron congratulates President Osmani on Independence Day: The place of the country of Kosovo will be within the European Union - President of the Republic of Kosovo - DR. VJOSA OSMANI - SADRIU -","og_url":"https:\/\/president-ksgov.net\/en\/president-macron-congratulates-president-osmani-on-independence-day-the-place-of-the-country-of-kosovo-will-be-within-the-european-union\/","og_site_name":"President of the Republic of Kosovo - DR. VJOSA OSMANI - SADRIU","article_published_time":"2024-02-16T18:00:14+00:00","article_modified_time":"2024-02-16T19:26:14+00:00","og_image":[{"width":1240,"height":1754,"url":"https:\/\/president-ksgov.net\/wp-content\/uploads\/franca_1.jpg","type":"image\/jpeg"}],"author":"presidentlogin","twitter_card":"summary_large_image","twitter_misc":{"Written by":"presidentlogin","Est. reading time":"1 minute"},"schema":{"@context":"https:\/\/schema.org","@graph":[{"@type":"WebPage","@id":"https:\/\/president-ksgov.net\/en\/president-macron-congratulates-president-osmani-on-independence-day-the-place-of-the-country-of-kosovo-will-be-within-the-european-union\/","url":"https:\/\/president-ksgov.net\/en\/president-macron-congratulates-president-osmani-on-independence-day-the-place-of-the-country-of-kosovo-will-be-within-the-european-union\/","name":"President Macron congratulates President Osmani on Independence Day: The place of the country of Kosovo will be within the European Union - President of the Republic of Kosovo - DR. VJOSA OSMANI - SADRIU","isPartOf":{"@id":"https:\/\/president-ksgov.net\/#website"},"primaryImageOfPage":{"@id":"https:\/\/president-ksgov.net\/en\/president-macron-congratulates-president-osmani-on-independence-day-the-place-of-the-country-of-kosovo-will-be-within-the-european-union\/#primaryimage"},"image":{"@id":"https:\/\/president-ksgov.net\/en\/president-macron-congratulates-president-osmani-on-independence-day-the-place-of-the-country-of-kosovo-will-be-within-the-european-union\/#primaryimage"},"thumbnailUrl":"https:\/\/president-ksgov.net\/wp-content\/uploads\/franca_1.jpg","datePublished":"2024-02-16T18:00:14+00:00","dateModified":"2024-02-16T19:26:14+00:00","author":{"@id":"https:\/\/president-ksgov.net\/#\/schema\/person\/1a2c014cffc81ec60d5a452a36d08d92"},"description":"President Macron congratulates President Osmani on Independence Day: The place of the country of Kosovo will be within the European Union - President of the Republic of Kosovo - DR. VJOSA OSMANI - SADRIU -","breadcrumb":{"@id":"https:\/\/president-ksgov.net\/en\/president-macron-congratulates-president-osmani-on-independence-day-the-place-of-the-country-of-kosovo-will-be-within-the-european-union\/#breadcrumb"},"inLanguage":"en-US","potentialAction":[{"@type":"ReadAction","target":["https:\/\/president-ksgov.net\/en\/president-macron-congratulates-president-osmani-on-independence-day-the-place-of-the-country-of-kosovo-will-be-within-the-european-union\/"]}]},{"@type":"ImageObject","inLanguage":"en-US","@id":"https:\/\/president-ksgov.net\/en\/president-macron-congratulates-president-osmani-on-independence-day-the-place-of-the-country-of-kosovo-will-be-within-the-european-union\/#primaryimage","url":"https:\/\/president-ksgov.net\/wp-content\/uploads\/franca_1.jpg","contentUrl":"https:\/\/president-ksgov.net\/wp-content\/uploads\/franca_1.jpg","width":1240,"height":1754},{"@type":"BreadcrumbList","@id":"https:\/\/president-ksgov.net\/en\/president-macron-congratulates-president-osmani-on-independence-day-the-place-of-the-country-of-kosovo-will-be-within-the-european-union\/#breadcrumb","itemListElement":[{"@type":"ListItem","position":1,"name":"Home","item":"https:\/\/president-ksgov.net\/en\/"},{"@type":"ListItem","position":2,"name":"President Macron congratulates President Osmani on Independence Day: The place of the country of Kosovo will be within the European Union"}]},{"@type":"WebSite","@id":"https:\/\/president-ksgov.net\/#website","url":"https:\/\/president-ksgov.net\/","name":"Presidente e Republik\u00ebs s\u00eb Kosov\u00ebs","description":"Presidente e Republik\u00ebs s\u00eb Kosov\u00ebs","alternateName":"DR. VJOSA OSMANI - SADRIU","potentialAction":[{"@type":"SearchAction","target":{"@type":"EntryPoint","urlTemplate":"https:\/\/president-ksgov.net\/?s={search_term_string}"},"query-input":{"@type":"PropertyValueSpecification","valueRequired":true,"valueName":"search_term_string"}}],"inLanguage":"en-US"},{"@type":"Person","@id":"https:\/\/president-ksgov.net\/#\/schema\/person\/1a2c014cffc81ec60d5a452a36d08d92","name":"presidentlogin","image":{"@type":"ImageObject","inLanguage":"en-US","@id":"https:\/\/president-ksgov.net\/#\/schema\/person\/image\/","url":"https:\/\/secure.gravatar.com\/avatar\/339f00ab0a8a0d5ce1ecff10aa2b4a1f51f58bbd5a57793f8cd6ad624080d807?s=96&d=mm&r=g","contentUrl":"https:\/\/secure.gravatar.com\/avatar\/339f00ab0a8a0d5ce1ecff10aa2b4a1f51f58bbd5a57793f8cd6ad624080d807?s=96&d=mm&r=g","caption":"presidentlogin"}}]}},"_links":{"self":[{"href":"https:\/\/president-ksgov.net\/en\/wp-json\/wp\/v2\/posts\/100751","targetHints":{"allow":["GET"]}}],"collection":[{"href":"https:\/\/president-ksgov.net\/en\/wp-json\/wp\/v2\/posts"}],"about":[{"href":"https:\/\/president-ksgov.net\/en\/wp-json\/wp\/v2\/types\/post"}],"author":[{"embeddable":true,"href":"https:\/\/president-ksgov.net\/en\/wp-json\/wp\/v2\/users\/11"}],"replies":[{"embeddable":true,"href":"https:\/\/president-ksgov.net\/en\/wp-json\/wp\/v2\/comments?post=100751"}],"version-history":[{"count":1,"href":"https:\/\/president-ksgov.net\/en\/wp-json\/wp\/v2\/posts\/100751\/revisions"}],"predecessor-version":[{"id":100752,"href":"https:\/\/president-ksgov.net\/en\/wp-json\/wp\/v2\/posts\/100751\/revisions\/100752"}],"wp:featuredmedia":[{"embeddable":true,"href":"https:\/\/president-ksgov.net\/en\/wp-json\/wp\/v2\/media\/100748"}],"wp:attachment":[{"href":"https:\/\/president-ksgov.net\/en\/wp-json\/wp\/v2\/media?parent=100751"}],"wp:term":[{"taxonomy":"category","embeddable":true,"href":"https:\/\/president-ksgov.net\/en\/wp-json\/wp\/v2\/categories?post=100751"},{"taxonomy":"post_tag","embeddable":true,"href":"https:\/\/president-ksgov.net\/en\/wp-json\/wp\/v2\/tags?post=100751"}],"curies":[{"name":"wp","href":"https:\/\/api.w.org\/{rel}","templated":true}]}}