{"id":100101,"date":"2024-01-18T17:24:20","date_gmt":"2024-01-18T16:24:20","guid":{"rendered":"https:\/\/president-ksgov.net\/?p=100101"},"modified":"2024-01-19T09:26:52","modified_gmt":"2024-01-19T08:26:52","slug":"president-osmani-met-with-the-kfor-commander-major-general-ozkan-ulutas","status":"publish","type":"post","link":"https:\/\/president-ksgov.net\/en\/president-osmani-met-with-the-kfor-commander-major-general-ozkan-ulutas\/","title":{"rendered":"President Osmani met with the KFOR Commander, Major General \u00d6zkan Uluta\u015f"},"content":{"rendered":"<p>President of the Republic of Kosovo, Vjosa Osmani, met with the KFOR Commander, Major General \u00d6zkan Uluta\u015f, today to discuss the security situation in the country.<\/p>\n<p>She thanked KFOR for its continuous commitment as the third responder to ensure security throughout the territory of the Republic of Kosovo. In particular, she expressed gratitude to KFOR for increasing the number of troops supporting Kosovo institutions in patrolling the border with Serbia, especially after the act of aggression by Serbia on 24 September.<\/p>\n<p>During the meeting with Commander Uluta\u015f, President Osmani emphasized the importance of ongoing coordination between KFOR and its primary security partner, the Kosovo Police, as well as coordination with all security institutions in Kosovo, for the benefit of stability and security for all citizens of Kosovo, regardless of ethnicity.<\/p>\n<p>Furthermore, the President was informed of the condition of the multi-ethnic force soldiers injured in the north of Kosovo in May. She highlighted that the Serbian criminal gangs that attacked NATO are unfortunately still at large, and the impunity for those who attacked KFOR in May is a negative message and encourages Serbia to attack again.<\/p>\n<p>President Osmani expressed full confidence that Kosovo institutions, in cooperation with allied forces, will deter any possible attack by Serbia, thus maintaining peace and stability in the country and the region.<\/p>\n","protected":false},"excerpt":{"rendered":"<p>President of the Republic of Kosovo, Vjosa Osmani, met with the KFOR Commander, Major General \u00d6zkan Uluta\u015f, today to discuss the security situation in the country. She thanked KFOR for its continuous commitment as the third responder to ensure security throughout the territory of the Republic of Kosovo. In particular, she expressed gratitude to KFOR for increasing the number of troops supporting Kosovo institutions in patrolling the border with Serbia, especially after the act of aggression by Serbia on 24 September. During the meeting with Commander Uluta\u015f, President Osmani emphasized the importance of ongoing coordination between KFOR and its primary security partner, the Kosovo Police, as well as coordination with all security institutions in Kosovo, for the benefit of stability and security for all citizens of Kosovo, regardless of ethnicity. Furthermore, the President was informed of the condition of the multi-ethnic force soldiers injured in the north of Kosovo in May. She highlighted that the Serbian criminal gangs that attacked NATO are unfortunately still at large, and the impunity for those who attacked KFOR in May is a negative message and encourages Serbia to attack again. President Osmani expressed full confidence that Kosovo institutions, in cooperation with allied forces, will deter any possible attack by Serbia, thus maintaining peace and stability in the country and the region.<\/p>\n","protected":false},"author":9,"featured_media":100063,"comment_status":"open","ping_status":"closed","sticky":false,"template":"","format":"standard","meta":{"_eb_attr":"","footnotes":""},"categories":[111],"tags":[],"class_list":["post-100101","post","type-post","status-publish","format-standard","has-post-thumbnail","hentry","category-news"],"yoast_head":"<!-- This site is optimized with the Yoast SEO plugin v23.5 - https:\/\/yoast.com\/wordpress\/plugins\/seo\/ -->\n<title>President Osmani met with the KFOR Commander, Major General \u00d6zkan Uluta\u015f - President of the Republic of Kosovo - DR. VJOSA OSMANI - SADRIU<\/title>\n<meta name=\"description\" content=\"President Osmani met with the KFOR Commander, Major General \u00d6zkan Uluta\u015f - President of the Republic of Kosovo - DR. VJOSA OSMANI - SADRIU -\" \/>\n<meta name=\"robots\" content=\"index, follow, max-snippet:-1, max-image-preview:large, max-video-preview:-1\" \/>\n<link rel=\"canonical\" href=\"https:\/\/president-ksgov.net\/en\/president-osmani-met-with-the-kfor-commander-major-general-ozkan-ulutas\/\" \/>\n<meta property=\"og:locale\" content=\"en_US\" \/>\n<meta property=\"og:type\" content=\"article\" \/>\n<meta property=\"og:title\" content=\"President Osmani met with the KFOR Commander, Major General \u00d6zkan Uluta\u015f - President of the Republic of Kosovo - DR. VJOSA OSMANI - SADRIU\" \/>\n<meta property=\"og:description\" content=\"President Osmani met with the KFOR Commander, Major General \u00d6zkan Uluta\u015f - President of the Republic of Kosovo - DR. VJOSA OSMANI - SADRIU -\" \/>\n<meta property=\"og:url\" content=\"https:\/\/president-ksgov.net\/en\/president-osmani-met-with-the-kfor-commander-major-general-ozkan-ulutas\/\" \/>\n<meta property=\"og:site_name\" content=\"President of the Republic of Kosovo - DR. VJOSA OSMANI - SADRIU\" \/>\n<meta property=\"article:published_time\" content=\"2024-01-18T16:24:20+00:00\" \/>\n<meta property=\"article:modified_time\" content=\"2024-01-19T08:26:52+00:00\" \/>\n<meta property=\"og:image\" content=\"https:\/\/president-ksgov.net\/wp-content\/uploads\/1-190-scaled.jpg\" \/>\n\t<meta property=\"og:image:width\" content=\"2560\" \/>\n\t<meta property=\"og:image:height\" content=\"1704\" \/>\n\t<meta property=\"og:image:type\" content=\"image\/jpeg\" \/>\n<meta name=\"author\" content=\"Florent Rrahmani\" \/>\n<meta name=\"twitter:card\" content=\"summary_large_image\" \/>\n<meta name=\"twitter:label1\" content=\"Written by\" \/>\n\t<meta name=\"twitter:data1\" content=\"Florent Rrahmani\" \/>\n\t<meta name=\"twitter:label2\" content=\"Est. reading time\" \/>\n\t<meta name=\"twitter:data2\" content=\"2 minutes\" \/>\n<script type=\"application\/ld+json\" class=\"yoast-schema-graph\">{\"@context\":\"https:\/\/schema.org\",\"@graph\":[{\"@type\":\"WebPage\",\"@id\":\"https:\/\/president-ksgov.net\/en\/president-osmani-met-with-the-kfor-commander-major-general-ozkan-ulutas\/\",\"url\":\"https:\/\/president-ksgov.net\/en\/president-osmani-met-with-the-kfor-commander-major-general-ozkan-ulutas\/\",\"name\":\"President Osmani met with the KFOR Commander, Major General \u00d6zkan Uluta\u015f - President of the Republic of Kosovo - DR. VJOSA OSMANI - SADRIU\",\"isPartOf\":{\"@id\":\"https:\/\/president-ksgov.net\/#website\"},\"primaryImageOfPage\":{\"@id\":\"https:\/\/president-ksgov.net\/en\/president-osmani-met-with-the-kfor-commander-major-general-ozkan-ulutas\/#primaryimage\"},\"image\":{\"@id\":\"https:\/\/president-ksgov.net\/en\/president-osmani-met-with-the-kfor-commander-major-general-ozkan-ulutas\/#primaryimage\"},\"thumbnailUrl\":\"https:\/\/president-ksgov.net\/wp-content\/uploads\/1-190-scaled.jpg\",\"datePublished\":\"2024-01-18T16:24:20+00:00\",\"dateModified\":\"2024-01-19T08:26:52+00:00\",\"author\":{\"@id\":\"https:\/\/president-ksgov.net\/#\/schema\/person\/7c46f744a99d3f1616b92658282aa934\"},\"description\":\"President Osmani met with the KFOR Commander, Major General \u00d6zkan Uluta\u015f - President of the Republic of Kosovo - DR. VJOSA OSMANI - SADRIU -\",\"breadcrumb\":{\"@id\":\"https:\/\/president-ksgov.net\/en\/president-osmani-met-with-the-kfor-commander-major-general-ozkan-ulutas\/#breadcrumb\"},\"inLanguage\":\"en-US\",\"potentialAction\":[{\"@type\":\"ReadAction\",\"target\":[\"https:\/\/president-ksgov.net\/en\/president-osmani-met-with-the-kfor-commander-major-general-ozkan-ulutas\/\"]}]},{\"@type\":\"ImageObject\",\"inLanguage\":\"en-US\",\"@id\":\"https:\/\/president-ksgov.net\/en\/president-osmani-met-with-the-kfor-commander-major-general-ozkan-ulutas\/#primaryimage\",\"url\":\"https:\/\/president-ksgov.net\/wp-content\/uploads\/1-190-scaled.jpg\",\"contentUrl\":\"https:\/\/president-ksgov.net\/wp-content\/uploads\/1-190-scaled.jpg\",\"width\":2560,\"height\":1704},{\"@type\":\"BreadcrumbList\",\"@id\":\"https:\/\/president-ksgov.net\/en\/president-osmani-met-with-the-kfor-commander-major-general-ozkan-ulutas\/#breadcrumb\",\"itemListElement\":[{\"@type\":\"ListItem\",\"position\":1,\"name\":\"Home\",\"item\":\"https:\/\/president-ksgov.net\/en\/\"},{\"@type\":\"ListItem\",\"position\":2,\"name\":\"President Osmani met with the KFOR Commander, Major General \u00d6zkan Uluta\u015f\"}]},{\"@type\":\"WebSite\",\"@id\":\"https:\/\/president-ksgov.net\/#website\",\"url\":\"https:\/\/president-ksgov.net\/\",\"name\":\"Presidente e Republik\u00ebs s\u00eb Kosov\u00ebs\",\"description\":\"Presidente e Republik\u00ebs s\u00eb Kosov\u00ebs\",\"alternateName\":\"DR. VJOSA OSMANI - SADRIU\",\"potentialAction\":[{\"@type\":\"SearchAction\",\"target\":{\"@type\":\"EntryPoint\",\"urlTemplate\":\"https:\/\/president-ksgov.net\/?s={search_term_string}\"},\"query-input\":{\"@type\":\"PropertyValueSpecification\",\"valueRequired\":true,\"valueName\":\"search_term_string\"}}],\"inLanguage\":\"en-US\"},{\"@type\":\"Person\",\"@id\":\"https:\/\/president-ksgov.net\/#\/schema\/person\/7c46f744a99d3f1616b92658282aa934\",\"name\":\"Florent Rrahmani\",\"image\":{\"@type\":\"ImageObject\",\"inLanguage\":\"en-US\",\"@id\":\"https:\/\/president-ksgov.net\/#\/schema\/person\/image\/\",\"url\":\"https:\/\/secure.gravatar.com\/avatar\/2545924aa250de68ac8368367a79b663e59571cd131611f54c89b0613a94e230?s=96&d=mm&r=g\",\"contentUrl\":\"https:\/\/secure.gravatar.com\/avatar\/2545924aa250de68ac8368367a79b663e59571cd131611f54c89b0613a94e230?s=96&d=mm&r=g\",\"caption\":\"Florent Rrahmani\"}}]}<\/script>\n<!-- \/ Yoast SEO plugin. -->","yoast_head_json":{"title":"President Osmani met with the KFOR Commander, Major General \u00d6zkan Uluta\u015f - President of the Republic of Kosovo - DR. VJOSA OSMANI - SADRIU","description":"President Osmani met with the KFOR Commander, Major General \u00d6zkan Uluta\u015f - President of the Republic of Kosovo - DR. VJOSA OSMANI - SADRIU -","robots":{"index":"index","follow":"follow","max-snippet":"max-snippet:-1","max-image-preview":"max-image-preview:large","max-video-preview":"max-video-preview:-1"},"canonical":"https:\/\/president-ksgov.net\/en\/president-osmani-met-with-the-kfor-commander-major-general-ozkan-ulutas\/","og_locale":"en_US","og_type":"article","og_title":"President Osmani met with the KFOR Commander, Major General \u00d6zkan Uluta\u015f - President of the Republic of Kosovo - DR. VJOSA OSMANI - SADRIU","og_description":"President Osmani met with the KFOR Commander, Major General \u00d6zkan Uluta\u015f - President of the Republic of Kosovo - DR. VJOSA OSMANI - SADRIU -","og_url":"https:\/\/president-ksgov.net\/en\/president-osmani-met-with-the-kfor-commander-major-general-ozkan-ulutas\/","og_site_name":"President of the Republic of Kosovo - DR. VJOSA OSMANI - SADRIU","article_published_time":"2024-01-18T16:24:20+00:00","article_modified_time":"2024-01-19T08:26:52+00:00","og_image":[{"width":2560,"height":1704,"url":"https:\/\/president-ksgov.net\/wp-content\/uploads\/1-190-scaled.jpg","type":"image\/jpeg"}],"author":"Florent Rrahmani","twitter_card":"summary_large_image","twitter_misc":{"Written by":"Florent Rrahmani","Est. reading time":"2 minutes"},"schema":{"@context":"https:\/\/schema.org","@graph":[{"@type":"WebPage","@id":"https:\/\/president-ksgov.net\/en\/president-osmani-met-with-the-kfor-commander-major-general-ozkan-ulutas\/","url":"https:\/\/president-ksgov.net\/en\/president-osmani-met-with-the-kfor-commander-major-general-ozkan-ulutas\/","name":"President Osmani met with the KFOR Commander, Major General \u00d6zkan Uluta\u015f - President of the Republic of Kosovo - DR. VJOSA OSMANI - SADRIU","isPartOf":{"@id":"https:\/\/president-ksgov.net\/#website"},"primaryImageOfPage":{"@id":"https:\/\/president-ksgov.net\/en\/president-osmani-met-with-the-kfor-commander-major-general-ozkan-ulutas\/#primaryimage"},"image":{"@id":"https:\/\/president-ksgov.net\/en\/president-osmani-met-with-the-kfor-commander-major-general-ozkan-ulutas\/#primaryimage"},"thumbnailUrl":"https:\/\/president-ksgov.net\/wp-content\/uploads\/1-190-scaled.jpg","datePublished":"2024-01-18T16:24:20+00:00","dateModified":"2024-01-19T08:26:52+00:00","author":{"@id":"https:\/\/president-ksgov.net\/#\/schema\/person\/7c46f744a99d3f1616b92658282aa934"},"description":"President Osmani met with the KFOR Commander, Major General \u00d6zkan Uluta\u015f - President of the Republic of Kosovo - DR. VJOSA OSMANI - SADRIU -","breadcrumb":{"@id":"https:\/\/president-ksgov.net\/en\/president-osmani-met-with-the-kfor-commander-major-general-ozkan-ulutas\/#breadcrumb"},"inLanguage":"en-US","potentialAction":[{"@type":"ReadAction","target":["https:\/\/president-ksgov.net\/en\/president-osmani-met-with-the-kfor-commander-major-general-ozkan-ulutas\/"]}]},{"@type":"ImageObject","inLanguage":"en-US","@id":"https:\/\/president-ksgov.net\/en\/president-osmani-met-with-the-kfor-commander-major-general-ozkan-ulutas\/#primaryimage","url":"https:\/\/president-ksgov.net\/wp-content\/uploads\/1-190-scaled.jpg","contentUrl":"https:\/\/president-ksgov.net\/wp-content\/uploads\/1-190-scaled.jpg","width":2560,"height":1704},{"@type":"BreadcrumbList","@id":"https:\/\/president-ksgov.net\/en\/president-osmani-met-with-the-kfor-commander-major-general-ozkan-ulutas\/#breadcrumb","itemListElement":[{"@type":"ListItem","position":1,"name":"Home","item":"https:\/\/president-ksgov.net\/en\/"},{"@type":"ListItem","position":2,"name":"President Osmani met with the KFOR Commander, Major General \u00d6zkan Uluta\u015f"}]},{"@type":"WebSite","@id":"https:\/\/president-ksgov.net\/#website","url":"https:\/\/president-ksgov.net\/","name":"Presidente e Republik\u00ebs s\u00eb Kosov\u00ebs","description":"Presidente e Republik\u00ebs s\u00eb Kosov\u00ebs","alternateName":"DR. VJOSA OSMANI - SADRIU","potentialAction":[{"@type":"SearchAction","target":{"@type":"EntryPoint","urlTemplate":"https:\/\/president-ksgov.net\/?s={search_term_string}"},"query-input":{"@type":"PropertyValueSpecification","valueRequired":true,"valueName":"search_term_string"}}],"inLanguage":"en-US"},{"@type":"Person","@id":"https:\/\/president-ksgov.net\/#\/schema\/person\/7c46f744a99d3f1616b92658282aa934","name":"Florent Rrahmani","image":{"@type":"ImageObject","inLanguage":"en-US","@id":"https:\/\/president-ksgov.net\/#\/schema\/person\/image\/","url":"https:\/\/secure.gravatar.com\/avatar\/2545924aa250de68ac8368367a79b663e59571cd131611f54c89b0613a94e230?s=96&d=mm&r=g","contentUrl":"https:\/\/secure.gravatar.com\/avatar\/2545924aa250de68ac8368367a79b663e59571cd131611f54c89b0613a94e230?s=96&d=mm&r=g","caption":"Florent Rrahmani"}}]}},"_links":{"self":[{"href":"https:\/\/president-ksgov.net\/en\/wp-json\/wp\/v2\/posts\/100101","targetHints":{"allow":["GET"]}}],"collection":[{"href":"https:\/\/president-ksgov.net\/en\/wp-json\/wp\/v2\/posts"}],"about":[{"href":"https:\/\/president-ksgov.net\/en\/wp-json\/wp\/v2\/types\/post"}],"author":[{"embeddable":true,"href":"https:\/\/president-ksgov.net\/en\/wp-json\/wp\/v2\/users\/9"}],"replies":[{"embeddable":true,"href":"https:\/\/president-ksgov.net\/en\/wp-json\/wp\/v2\/comments?post=100101"}],"version-history":[{"count":1,"href":"https:\/\/president-ksgov.net\/en\/wp-json\/wp\/v2\/posts\/100101\/revisions"}],"predecessor-version":[{"id":100102,"href":"https:\/\/president-ksgov.net\/en\/wp-json\/wp\/v2\/posts\/100101\/revisions\/100102"}],"wp:featuredmedia":[{"embeddable":true,"href":"https:\/\/president-ksgov.net\/en\/wp-json\/wp\/v2\/media\/100063"}],"wp:attachment":[{"href":"https:\/\/president-ksgov.net\/en\/wp-json\/wp\/v2\/media?parent=100101"}],"wp:term":[{"taxonomy":"category","embeddable":true,"href":"https:\/\/president-ksgov.net\/en\/wp-json\/wp\/v2\/categories?post=100101"},{"taxonomy":"post_tag","embeddable":true,"href":"https:\/\/president-ksgov.net\/en\/wp-json\/wp\/v2\/tags?post=100101"}],"curies":[{"name":"wp","href":"https:\/\/api.w.org\/{rel}","templated":true}]}}