{"id":100071,"date":"2024-01-17T12:00:39","date_gmt":"2024-01-17T11:00:39","guid":{"rendered":"https:\/\/president-ksgov.net\/?p=100071"},"modified":"2024-01-18T17:33:07","modified_gmt":"2024-01-18T16:33:07","slug":"president-commemorates-deputy-smajl-hajdaraj","status":"publish","type":"post","link":"https:\/\/president-ksgov.net\/en\/president-commemorates-deputy-smajl-hajdaraj\/","title":{"rendered":"President commemorates Deputy Smajl Hajdaraj"},"content":{"rendered":"<p>Twenty-two years ago, a member of the Assembly of Kosovo, Smajl Hajdaraj, was killed.<\/p>\n<p>Smajli was a long-term activist for the freedom of Kosovo and then a fighter for its freedom, as the commander of the KLA for the region of Rugova.<\/p>\n<p>With his continuous patriotic engagement, he set the example of a man devoted to his country.<\/p>\n<p>The memory of the indomitable patriot and warrior will remain eternal, just as our call to the justice authorities to bring the perpetrators of the crime to justice will be continuous.<\/p>\n<p>&nbsp;<\/p>\n","protected":false},"excerpt":{"rendered":"<p>Twenty-two years ago, a member of the Assembly of Kosovo, Smajl Hajdaraj, was killed. Smajli was a long-term activist for the freedom of Kosovo and then a fighter for its freedom, as the commander of the KLA for the region of Rugova. With his continuous patriotic engagement, he set the example of a man devoted to his country. The memory of the indomitable patriot and warrior will remain eternal, just as our call to the justice authorities to bring the perpetrators of the crime to justice will be continuous. &nbsp;<\/p>\n","protected":false},"author":9,"featured_media":100023,"comment_status":"open","ping_status":"closed","sticky":false,"template":"","format":"standard","meta":{"_eb_attr":"","footnotes":""},"categories":[111],"tags":[],"class_list":["post-100071","post","type-post","status-publish","format-standard","has-post-thumbnail","hentry","category-news"],"yoast_head":"<!-- This site is optimized with the Yoast SEO plugin v23.5 - https:\/\/yoast.com\/wordpress\/plugins\/seo\/ -->\n<title>President commemorates Deputy Smajl Hajdaraj - President of the Republic of Kosovo - DR. VJOSA OSMANI - SADRIU<\/title>\n<meta name=\"description\" content=\"President commemorates Deputy Smajl Hajdaraj - President of the Republic of Kosovo - DR. VJOSA OSMANI - SADRIU -\" \/>\n<meta name=\"robots\" content=\"index, follow, max-snippet:-1, max-image-preview:large, max-video-preview:-1\" \/>\n<link rel=\"canonical\" href=\"https:\/\/president-ksgov.net\/en\/president-commemorates-deputy-smajl-hajdaraj\/\" \/>\n<meta property=\"og:locale\" content=\"en_US\" \/>\n<meta property=\"og:type\" content=\"article\" \/>\n<meta property=\"og:title\" content=\"President commemorates Deputy Smajl Hajdaraj - President of the Republic of Kosovo - DR. VJOSA OSMANI - SADRIU\" \/>\n<meta property=\"og:description\" content=\"President commemorates Deputy Smajl Hajdaraj - President of the Republic of Kosovo - DR. VJOSA OSMANI - SADRIU -\" \/>\n<meta property=\"og:url\" content=\"https:\/\/president-ksgov.net\/en\/president-commemorates-deputy-smajl-hajdaraj\/\" \/>\n<meta property=\"og:site_name\" content=\"President of the Republic of Kosovo - DR. VJOSA OSMANI - SADRIU\" \/>\n<meta property=\"article:published_time\" content=\"2024-01-17T11:00:39+00:00\" \/>\n<meta property=\"article:modified_time\" content=\"2024-01-18T16:33:07+00:00\" \/>\n<meta property=\"og:image\" content=\"https:\/\/president-ksgov.net\/wp-content\/uploads\/1111-2.jpg\" \/>\n\t<meta property=\"og:image:width\" content=\"280\" \/>\n\t<meta property=\"og:image:height\" content=\"179\" \/>\n\t<meta property=\"og:image:type\" content=\"image\/jpeg\" \/>\n<meta name=\"author\" content=\"Florent Rrahmani\" \/>\n<meta name=\"twitter:card\" content=\"summary_large_image\" \/>\n<meta name=\"twitter:label1\" content=\"Written by\" \/>\n\t<meta name=\"twitter:data1\" content=\"Florent Rrahmani\" \/>\n\t<meta name=\"twitter:label2\" content=\"Est. reading time\" \/>\n\t<meta name=\"twitter:data2\" content=\"1 minute\" \/>\n<script type=\"application\/ld+json\" class=\"yoast-schema-graph\">{\"@context\":\"https:\/\/schema.org\",\"@graph\":[{\"@type\":\"WebPage\",\"@id\":\"https:\/\/president-ksgov.net\/en\/president-commemorates-deputy-smajl-hajdaraj\/\",\"url\":\"https:\/\/president-ksgov.net\/en\/president-commemorates-deputy-smajl-hajdaraj\/\",\"name\":\"President commemorates Deputy Smajl Hajdaraj - President of the Republic of Kosovo - DR. VJOSA OSMANI - SADRIU\",\"isPartOf\":{\"@id\":\"https:\/\/president-ksgov.net\/#website\"},\"primaryImageOfPage\":{\"@id\":\"https:\/\/president-ksgov.net\/en\/president-commemorates-deputy-smajl-hajdaraj\/#primaryimage\"},\"image\":{\"@id\":\"https:\/\/president-ksgov.net\/en\/president-commemorates-deputy-smajl-hajdaraj\/#primaryimage\"},\"thumbnailUrl\":\"https:\/\/president-ksgov.net\/wp-content\/uploads\/1111-2.jpg\",\"datePublished\":\"2024-01-17T11:00:39+00:00\",\"dateModified\":\"2024-01-18T16:33:07+00:00\",\"author\":{\"@id\":\"https:\/\/president-ksgov.net\/#\/schema\/person\/7c46f744a99d3f1616b92658282aa934\"},\"description\":\"President commemorates Deputy Smajl Hajdaraj - President of the Republic of Kosovo - DR. VJOSA OSMANI - SADRIU -\",\"breadcrumb\":{\"@id\":\"https:\/\/president-ksgov.net\/en\/president-commemorates-deputy-smajl-hajdaraj\/#breadcrumb\"},\"inLanguage\":\"en-US\",\"potentialAction\":[{\"@type\":\"ReadAction\",\"target\":[\"https:\/\/president-ksgov.net\/en\/president-commemorates-deputy-smajl-hajdaraj\/\"]}]},{\"@type\":\"ImageObject\",\"inLanguage\":\"en-US\",\"@id\":\"https:\/\/president-ksgov.net\/en\/president-commemorates-deputy-smajl-hajdaraj\/#primaryimage\",\"url\":\"https:\/\/president-ksgov.net\/wp-content\/uploads\/1111-2.jpg\",\"contentUrl\":\"https:\/\/president-ksgov.net\/wp-content\/uploads\/1111-2.jpg\",\"width\":280,\"height\":179},{\"@type\":\"BreadcrumbList\",\"@id\":\"https:\/\/president-ksgov.net\/en\/president-commemorates-deputy-smajl-hajdaraj\/#breadcrumb\",\"itemListElement\":[{\"@type\":\"ListItem\",\"position\":1,\"name\":\"Home\",\"item\":\"https:\/\/president-ksgov.net\/en\/\"},{\"@type\":\"ListItem\",\"position\":2,\"name\":\"President commemorates Deputy Smajl Hajdaraj\"}]},{\"@type\":\"WebSite\",\"@id\":\"https:\/\/president-ksgov.net\/#website\",\"url\":\"https:\/\/president-ksgov.net\/\",\"name\":\"Presidente e Republik\u00ebs s\u00eb Kosov\u00ebs\",\"description\":\"Presidente e Republik\u00ebs s\u00eb Kosov\u00ebs\",\"alternateName\":\"DR. VJOSA OSMANI - SADRIU\",\"potentialAction\":[{\"@type\":\"SearchAction\",\"target\":{\"@type\":\"EntryPoint\",\"urlTemplate\":\"https:\/\/president-ksgov.net\/?s={search_term_string}\"},\"query-input\":{\"@type\":\"PropertyValueSpecification\",\"valueRequired\":true,\"valueName\":\"search_term_string\"}}],\"inLanguage\":\"en-US\"},{\"@type\":\"Person\",\"@id\":\"https:\/\/president-ksgov.net\/#\/schema\/person\/7c46f744a99d3f1616b92658282aa934\",\"name\":\"Florent Rrahmani\",\"image\":{\"@type\":\"ImageObject\",\"inLanguage\":\"en-US\",\"@id\":\"https:\/\/president-ksgov.net\/#\/schema\/person\/image\/\",\"url\":\"https:\/\/secure.gravatar.com\/avatar\/2545924aa250de68ac8368367a79b663e59571cd131611f54c89b0613a94e230?s=96&d=mm&r=g\",\"contentUrl\":\"https:\/\/secure.gravatar.com\/avatar\/2545924aa250de68ac8368367a79b663e59571cd131611f54c89b0613a94e230?s=96&d=mm&r=g\",\"caption\":\"Florent Rrahmani\"}}]}<\/script>\n<!-- \/ Yoast SEO plugin. -->","yoast_head_json":{"title":"President commemorates Deputy Smajl Hajdaraj - President of the Republic of Kosovo - DR. VJOSA OSMANI - SADRIU","description":"President commemorates Deputy Smajl Hajdaraj - President of the Republic of Kosovo - DR. VJOSA OSMANI - SADRIU -","robots":{"index":"index","follow":"follow","max-snippet":"max-snippet:-1","max-image-preview":"max-image-preview:large","max-video-preview":"max-video-preview:-1"},"canonical":"https:\/\/president-ksgov.net\/en\/president-commemorates-deputy-smajl-hajdaraj\/","og_locale":"en_US","og_type":"article","og_title":"President commemorates Deputy Smajl Hajdaraj - President of the Republic of Kosovo - DR. VJOSA OSMANI - SADRIU","og_description":"President commemorates Deputy Smajl Hajdaraj - President of the Republic of Kosovo - DR. VJOSA OSMANI - SADRIU -","og_url":"https:\/\/president-ksgov.net\/en\/president-commemorates-deputy-smajl-hajdaraj\/","og_site_name":"President of the Republic of Kosovo - DR. VJOSA OSMANI - SADRIU","article_published_time":"2024-01-17T11:00:39+00:00","article_modified_time":"2024-01-18T16:33:07+00:00","og_image":[{"width":280,"height":179,"url":"https:\/\/president-ksgov.net\/wp-content\/uploads\/1111-2.jpg","type":"image\/jpeg"}],"author":"Florent Rrahmani","twitter_card":"summary_large_image","twitter_misc":{"Written by":"Florent Rrahmani","Est. reading time":"1 minute"},"schema":{"@context":"https:\/\/schema.org","@graph":[{"@type":"WebPage","@id":"https:\/\/president-ksgov.net\/en\/president-commemorates-deputy-smajl-hajdaraj\/","url":"https:\/\/president-ksgov.net\/en\/president-commemorates-deputy-smajl-hajdaraj\/","name":"President commemorates Deputy Smajl Hajdaraj - President of the Republic of Kosovo - DR. VJOSA OSMANI - SADRIU","isPartOf":{"@id":"https:\/\/president-ksgov.net\/#website"},"primaryImageOfPage":{"@id":"https:\/\/president-ksgov.net\/en\/president-commemorates-deputy-smajl-hajdaraj\/#primaryimage"},"image":{"@id":"https:\/\/president-ksgov.net\/en\/president-commemorates-deputy-smajl-hajdaraj\/#primaryimage"},"thumbnailUrl":"https:\/\/president-ksgov.net\/wp-content\/uploads\/1111-2.jpg","datePublished":"2024-01-17T11:00:39+00:00","dateModified":"2024-01-18T16:33:07+00:00","author":{"@id":"https:\/\/president-ksgov.net\/#\/schema\/person\/7c46f744a99d3f1616b92658282aa934"},"description":"President commemorates Deputy Smajl Hajdaraj - President of the Republic of Kosovo - DR. VJOSA OSMANI - SADRIU -","breadcrumb":{"@id":"https:\/\/president-ksgov.net\/en\/president-commemorates-deputy-smajl-hajdaraj\/#breadcrumb"},"inLanguage":"en-US","potentialAction":[{"@type":"ReadAction","target":["https:\/\/president-ksgov.net\/en\/president-commemorates-deputy-smajl-hajdaraj\/"]}]},{"@type":"ImageObject","inLanguage":"en-US","@id":"https:\/\/president-ksgov.net\/en\/president-commemorates-deputy-smajl-hajdaraj\/#primaryimage","url":"https:\/\/president-ksgov.net\/wp-content\/uploads\/1111-2.jpg","contentUrl":"https:\/\/president-ksgov.net\/wp-content\/uploads\/1111-2.jpg","width":280,"height":179},{"@type":"BreadcrumbList","@id":"https:\/\/president-ksgov.net\/en\/president-commemorates-deputy-smajl-hajdaraj\/#breadcrumb","itemListElement":[{"@type":"ListItem","position":1,"name":"Home","item":"https:\/\/president-ksgov.net\/en\/"},{"@type":"ListItem","position":2,"name":"President commemorates Deputy Smajl Hajdaraj"}]},{"@type":"WebSite","@id":"https:\/\/president-ksgov.net\/#website","url":"https:\/\/president-ksgov.net\/","name":"Presidente e Republik\u00ebs s\u00eb Kosov\u00ebs","description":"Presidente e Republik\u00ebs s\u00eb Kosov\u00ebs","alternateName":"DR. VJOSA OSMANI - SADRIU","potentialAction":[{"@type":"SearchAction","target":{"@type":"EntryPoint","urlTemplate":"https:\/\/president-ksgov.net\/?s={search_term_string}"},"query-input":{"@type":"PropertyValueSpecification","valueRequired":true,"valueName":"search_term_string"}}],"inLanguage":"en-US"},{"@type":"Person","@id":"https:\/\/president-ksgov.net\/#\/schema\/person\/7c46f744a99d3f1616b92658282aa934","name":"Florent Rrahmani","image":{"@type":"ImageObject","inLanguage":"en-US","@id":"https:\/\/president-ksgov.net\/#\/schema\/person\/image\/","url":"https:\/\/secure.gravatar.com\/avatar\/2545924aa250de68ac8368367a79b663e59571cd131611f54c89b0613a94e230?s=96&d=mm&r=g","contentUrl":"https:\/\/secure.gravatar.com\/avatar\/2545924aa250de68ac8368367a79b663e59571cd131611f54c89b0613a94e230?s=96&d=mm&r=g","caption":"Florent Rrahmani"}}]}},"_links":{"self":[{"href":"https:\/\/president-ksgov.net\/en\/wp-json\/wp\/v2\/posts\/100071","targetHints":{"allow":["GET"]}}],"collection":[{"href":"https:\/\/president-ksgov.net\/en\/wp-json\/wp\/v2\/posts"}],"about":[{"href":"https:\/\/president-ksgov.net\/en\/wp-json\/wp\/v2\/types\/post"}],"author":[{"embeddable":true,"href":"https:\/\/president-ksgov.net\/en\/wp-json\/wp\/v2\/users\/9"}],"replies":[{"embeddable":true,"href":"https:\/\/president-ksgov.net\/en\/wp-json\/wp\/v2\/comments?post=100071"}],"version-history":[{"count":1,"href":"https:\/\/president-ksgov.net\/en\/wp-json\/wp\/v2\/posts\/100071\/revisions"}],"predecessor-version":[{"id":100072,"href":"https:\/\/president-ksgov.net\/en\/wp-json\/wp\/v2\/posts\/100071\/revisions\/100072"}],"wp:featuredmedia":[{"embeddable":true,"href":"https:\/\/president-ksgov.net\/en\/wp-json\/wp\/v2\/media\/100023"}],"wp:attachment":[{"href":"https:\/\/president-ksgov.net\/en\/wp-json\/wp\/v2\/media?parent=100071"}],"wp:term":[{"taxonomy":"category","embeddable":true,"href":"https:\/\/president-ksgov.net\/en\/wp-json\/wp\/v2\/categories?post=100071"},{"taxonomy":"post_tag","embeddable":true,"href":"https:\/\/president-ksgov.net\/en\/wp-json\/wp\/v2\/tags?post=100071"}],"curies":[{"name":"wp","href":"https:\/\/api.w.org\/{rel}","templated":true}]}}